{"id":140880,"date":"2025-10-16T23:06:13","date_gmt":"2025-10-17T05:06:13","guid":{"rendered":"https:\/\/diariodigitalmx.com\/?p=140880"},"modified":"2025-10-16T23:13:39","modified_gmt":"2025-10-17T05:13:39","slug":"reactiva-gobierno-de-monterrey-programa-barrio-de-mi-corazon","status":"publish","type":"post","link":"https:\/\/diariodigitalmx.com\/index.php\/2025\/10\/16\/reactiva-gobierno-de-monterrey-programa-barrio-de-mi-corazon\/","title":{"rendered":"Reactiva Gobierno de Monterrey programa Barrio de mi Coraz\u00f3n"},"content":{"rendered":"\n<figure class=\"wp-block-image size-large\"><img loading=\"lazy\" decoding=\"async\" width=\"1024\" height=\"683\" src=\"https:\/\/diariodigitalmx.com\/wp-content\/uploads\/2025\/10\/BARRIO-TOPO-CHICO-1-1024x683.jpg\" alt=\"\" class=\"wp-image-140884\" srcset=\"https:\/\/diariodigitalmx.com\/wp-content\/uploads\/2025\/10\/BARRIO-TOPO-CHICO-1-1024x683.jpg 1024w, https:\/\/diariodigitalmx.com\/wp-content\/uploads\/2025\/10\/BARRIO-TOPO-CHICO-1-300x200.jpg 300w, https:\/\/diariodigitalmx.com\/wp-content\/uploads\/2025\/10\/BARRIO-TOPO-CHICO-1-768x512.jpg 768w, https:\/\/diariodigitalmx.com\/wp-content\/uploads\/2025\/10\/BARRIO-TOPO-CHICO-1.jpg 1280w\" sizes=\"(max-width: 1024px) 100vw, 1024px\" \/><\/figure>\n\n\n\n<p>Todas las dependencias municipales participan en este esfuerzo que busca recobrar la identidad y el sentido de pertenencia en las colonias vulnerables.<\/p>\n\n\n\n<p>El alcalde Adri\u00e1n de la Garza Santos y su esposa, la presidenta del DIF, Gaby Oyervides, encabezaron este jueves el reinicio del programa Barrio de mi Coraz\u00f3n, en la colonia Topo Chico.<\/p>\n\n\n\n<p>Este proyecto que emana de la Secretar\u00eda de Participaci\u00f3n Ciudadana, tiene como objetivo la integraci\u00f3n y reestructuraci\u00f3n social de la ciudad.<\/p>\n\n\n\n<figure class=\"wp-block-image size-large\"><img loading=\"lazy\" decoding=\"async\" width=\"1024\" height=\"683\" src=\"https:\/\/diariodigitalmx.com\/wp-content\/uploads\/2025\/10\/BARRIO-TOPO-CHICO-4-1024x683.jpg\" alt=\"\" class=\"wp-image-140885\" srcset=\"https:\/\/diariodigitalmx.com\/wp-content\/uploads\/2025\/10\/BARRIO-TOPO-CHICO-4-1024x683.jpg 1024w, https:\/\/diariodigitalmx.com\/wp-content\/uploads\/2025\/10\/BARRIO-TOPO-CHICO-4-300x200.jpg 300w, https:\/\/diariodigitalmx.com\/wp-content\/uploads\/2025\/10\/BARRIO-TOPO-CHICO-4-768x512.jpg 768w, https:\/\/diariodigitalmx.com\/wp-content\/uploads\/2025\/10\/BARRIO-TOPO-CHICO-4.jpg 1280w\" sizes=\"(max-width: 1024px) 100vw, 1024px\" \/><\/figure>\n\n\n\n<p>Para este fin, todas las dependencias municipales forman un frente com\u00fan y acercan sus servicios a la zona que se rehabilitar\u00e1 de manera integral.<\/p>\n\n\n\n<p>En el arranque de la nueva fase de Barrio de mi Coraz\u00f3n se acercaron actividades recreativas, did\u00e1cticas, culturales y musicales para las cientos de personas que acudieron.<\/p>\n\n\n\n<p>Por tratarse de la colonia Topo Chico, ameniz\u00f3 musicalmente, Lucy y Le\u00edda Leos, quienes son oriundas de este sector.<\/p>\n\n\n\n<p>Durante la macro-brigada que se despleg\u00f3 hubo loter\u00eda, torneos de f\u00fatbol, juegos infantiles inflables, pintacaritas, juegos de anta\u00f1o como balero y trompo, manualidades, bici-escuela, set de fotograf\u00edas.<\/p>\n\n\n\n<figure class=\"wp-block-image size-large\"><img loading=\"lazy\" decoding=\"async\" width=\"1024\" height=\"683\" src=\"https:\/\/diariodigitalmx.com\/wp-content\/uploads\/2025\/10\/BARRIO-TOPO-CHICO-3-1024x683.jpg\" alt=\"\" class=\"wp-image-140887\" srcset=\"https:\/\/diariodigitalmx.com\/wp-content\/uploads\/2025\/10\/BARRIO-TOPO-CHICO-3-1024x683.jpg 1024w, https:\/\/diariodigitalmx.com\/wp-content\/uploads\/2025\/10\/BARRIO-TOPO-CHICO-3-300x200.jpg 300w, https:\/\/diariodigitalmx.com\/wp-content\/uploads\/2025\/10\/BARRIO-TOPO-CHICO-3-768x512.jpg 768w, https:\/\/diariodigitalmx.com\/wp-content\/uploads\/2025\/10\/BARRIO-TOPO-CHICO-3.jpg 1280w\" sizes=\"(max-width: 1024px) 100vw, 1024px\" \/><\/figure>\n\n\n\n<p>Adem\u00e1s, se brindaron servicios de salud como podolog\u00eda, dentistas, m\u00e9dico general, y atenci\u00f3n a la mujer.<\/p>\n\n\n\n<p>Asimismo, se ofrecieron servicios de bienestar animal, asesor\u00eda jur\u00eddica, bolsa de empleo, talleres productivos y donaci\u00f3n de \u00e1rboles, entre muchos otros.<\/p>\n\n\n\n<p>Barrio de mi Coraz\u00f3n es uno de los programas que ha tenido \u00e9xito y aceptaci\u00f3n entre la comunidad en las anteriores administraciones del alcalde Adri\u00e1n de la Garza, debido que detona el sentido de pertenencia, arraigo y amor por el barrio.<\/p>\n\n\n\n<p>Como se recordar\u00e1, para realizar Barrio de mi Coraz\u00f3n se interviene en la colonia desde un mes antes, iniciando con una marcha exploratoria; se atienden las diferentes peticiones de los residentes y finaliza con una macro-brigada que incluye festejos en el barrio, reconociendo a los vecinos, al lugar y a los talentos art\u00edsticos, con un mural y actividades l\u00fadicas&nbsp;y&nbsp;recreativas.<\/p>\n","protected":false},"excerpt":{"rendered":"<p>Todas las dependencias municipales participan en este esfuerzo que busca recobrar la identidad y el sentido de pertenencia en las colonias vulnerables. El alcalde Adri\u00e1n de la Garza Santos y su esposa, la presidenta del DIF, Gaby Oyervides, encabezaron este jueves el reinicio del programa Barrio de mi Coraz\u00f3n, en la colonia Topo Chico. Este [&hellip;]<\/p>\n","protected":false},"author":1,"featured_media":140883,"comment_status":"open","ping_status":"open","sticky":true,"template":"","format":"standard","meta":{"footnotes":""},"categories":[6],"tags":[],"_links":{"self":[{"href":"https:\/\/diariodigitalmx.com\/index.php\/wp-json\/wp\/v2\/posts\/140880"}],"collection":[{"href":"https:\/\/diariodigitalmx.com\/index.php\/wp-json\/wp\/v2\/posts"}],"about":[{"href":"https:\/\/diariodigitalmx.com\/index.php\/wp-json\/wp\/v2\/types\/post"}],"author":[{"embeddable":true,"href":"https:\/\/diariodigitalmx.com\/index.php\/wp-json\/wp\/v2\/users\/1"}],"replies":[{"embeddable":true,"href":"https:\/\/diariodigitalmx.com\/index.php\/wp-json\/wp\/v2\/comments?post=140880"}],"version-history":[{"count":2,"href":"https:\/\/diariodigitalmx.com\/index.php\/wp-json\/wp\/v2\/posts\/140880\/revisions"}],"predecessor-version":[{"id":140888,"href":"https:\/\/diariodigitalmx.com\/index.php\/wp-json\/wp\/v2\/posts\/140880\/revisions\/140888"}],"wp:featuredmedia":[{"embeddable":true,"href":"https:\/\/diariodigitalmx.com\/index.php\/wp-json\/wp\/v2\/media\/140883"}],"wp:attachment":[{"href":"https:\/\/diariodigitalmx.com\/index.php\/wp-json\/wp\/v2\/media?parent=140880"}],"wp:term":[{"taxonomy":"category","embeddable":true,"href":"https:\/\/diariodigitalmx.com\/index.php\/wp-json\/wp\/v2\/categories?post=140880"},{"taxonomy":"post_tag","embeddable":true,"href":"https:\/\/diariodigitalmx.com\/index.php\/wp-json\/wp\/v2\/tags?post=140880"}],"curies":[{"name":"wp","href":"https:\/\/api.w.org\/{rel}","templated":true}]}}