{"id":140909,"date":"2025-10-17T19:47:18","date_gmt":"2025-10-18T01:47:18","guid":{"rendered":"https:\/\/diariodigitalmx.com\/?p=140909"},"modified":"2025-10-17T19:52:02","modified_gmt":"2025-10-18T01:52:02","slug":"se-suma-escobedo-a-ip-y-estado-para-mejorar-la-calidad-del-aire","status":"publish","type":"post","link":"https:\/\/diariodigitalmx.com\/index.php\/2025\/10\/17\/se-suma-escobedo-a-ip-y-estado-para-mejorar-la-calidad-del-aire\/","title":{"rendered":"Se suma Escobedo a IP y Estado para mejorar la calidad del aire"},"content":{"rendered":"\n<p>La Capital de la Transformaci\u00f3n reafirma su compromiso con el desarrollo sustentable al sumarse a la propuesta lanzada por la Iniciativa Privada para, junto con el Gobierno del Estado, establecer acciones que contribuyan a elevar la calidad de vida de los ciudadanos.<\/p>\n\n\n\n<p>El Alcalde Andr\u00e9s Mijes junto al Gobernador Samuel Garc\u00eda se sum\u00f3 al llamado hecho por los organismos empresariales CAPROBI, CANADEVI, COPARMEX, INDEX, CANACO y CAINTRA, quienes han coincidido en colocar como prioridad el combatir uno de los cinco enemigos principales que enfrenta Nuevo Le\u00f3n, la contaminaci\u00f3n ambiental.<\/p>\n\n\n\n<figure class=\"wp-block-image size-large\"><img loading=\"lazy\" decoding=\"async\" width=\"1024\" height=\"681\" src=\"https:\/\/diariodigitalmx.com\/wp-content\/uploads\/2025\/10\/5156950293416184662-1024x681.jpg\" alt=\"\" class=\"wp-image-140912\" srcset=\"https:\/\/diariodigitalmx.com\/wp-content\/uploads\/2025\/10\/5156950293416184662-1024x681.jpg 1024w, https:\/\/diariodigitalmx.com\/wp-content\/uploads\/2025\/10\/5156950293416184662-300x199.jpg 300w, https:\/\/diariodigitalmx.com\/wp-content\/uploads\/2025\/10\/5156950293416184662-768x511.jpg 768w, https:\/\/diariodigitalmx.com\/wp-content\/uploads\/2025\/10\/5156950293416184662.jpg 1280w\" sizes=\"(max-width: 1024px) 100vw, 1024px\" \/><\/figure>\n\n\n\n<p>Como Presidente de la Mesa de Coordinaci\u00f3n Metropolitana, Andr\u00e9s Mijes destac\u00f3 que es indispensable construir una agenda com\u00fan por la calidad del aire, y subray\u00f3 que el trabajo conjunto es la v\u00eda m\u00e1s efectiva para generar resultados tangibles.<\/p>\n\n\n\n<p>\u201cEl aire que respiramos no reconoce l\u00edmites municipales. Por eso, tampoco puede haber l\u00edmites en nuestra cooperaci\u00f3n. Necesitamos que las empresas, los gobiernos y la sociedad civil respiremos el mismo compromiso\u201d.<\/p>\n\n\n\n<p>\u201cEl futuro limpio y verde de nuestra metr\u00f3poli no se construye con castigos, sino con alianzas, incentivos y, sobre todo, con visi\u00f3n compartida\u201d, expres\u00f3 el Edil.<\/p>\n\n\n\n<figure class=\"wp-block-image size-large\"><img loading=\"lazy\" decoding=\"async\" width=\"1024\" height=\"681\" src=\"https:\/\/diariodigitalmx.com\/wp-content\/uploads\/2025\/10\/5156950293416184649-1024x681.jpg\" alt=\"\" class=\"wp-image-140913\" srcset=\"https:\/\/diariodigitalmx.com\/wp-content\/uploads\/2025\/10\/5156950293416184649-1024x681.jpg 1024w, https:\/\/diariodigitalmx.com\/wp-content\/uploads\/2025\/10\/5156950293416184649-300x199.jpg 300w, https:\/\/diariodigitalmx.com\/wp-content\/uploads\/2025\/10\/5156950293416184649-768x511.jpg 768w, https:\/\/diariodigitalmx.com\/wp-content\/uploads\/2025\/10\/5156950293416184649.jpg 1280w\" sizes=\"(max-width: 1024px) 100vw, 1024px\" \/><\/figure>\n\n\n\n<p>Dentro de los compromisos lanzados est\u00e1 el establecer mecanismos que fomenten una movilidad responsable, como el impulso a la verificaci\u00f3n vehicular, el carpool, incluso implementar la modalidad home office, adem\u00e1s de desarrollar estrategias centradas en la conciencia y responsabilidad ambiental, para que cada ciudadano contribuya activamente a mejorar la calidad del aire.<\/p>\n\n\n\n<p>De igual manera, las acciones tambi\u00e9n estar\u00e1n enfocadas en fortalecer el control del polvo y de las emisiones contaminantes, adem\u00e1s de incrementar la reforestaci\u00f3n urbana y promover el uso de energ\u00edas limpias que permitan reducir la huella ecol\u00f3gica de la Zona Metropolitana.<\/p>\n\n\n\n<p>Mijes a\u00f1adi\u00f3 que, tal como lo se\u00f1ala la Presidenta de M\u00e9xico, Claudia Sheinbaum Pardo, el progreso solo es sostenible cuando avanza con justicia y respeto al medio ambiente.<\/p>\n\n\n\n<p>\u201cEl medio ambiente no es un obst\u00e1culo para el crecimiento, es una palanca para crear un desarrollo m\u00e1s potente, m\u00e1s moderno y con m\u00e1s futuro\u201d, indic\u00f3 Mijes.<\/p>\n\n\n\n<p>Con esta visi\u00f3n, la Capital de la Transformaci\u00f3n se compromete a trabajar de manera conjunta con los sectores empresarial, estatal y acad\u00e9mico, para convertir las propuestas en acciones reales que generen un aire m\u00e1s limpio y un entorno m\u00e1s saludable para las familias escobedenses y todo Nuevo Le\u00f3n.<\/p>\n\n\n\n<p>El Alcalde reiter\u00f3 que esta uni\u00f3n no solo representa una iniciativa, sino una promesa de futuro, un pacto de responsabilidad compartida donde gobiernos, empresarios, universidades y ciudadanos suman esfuerzos para cumplir con la tarea de garantizar un Nuevo Le\u00f3n m\u00e1s verde, m\u00e1s justo y con un porvenir sostenible para todos.<\/p>\n","protected":false},"excerpt":{"rendered":"<p>La Capital de la Transformaci\u00f3n reafirma su compromiso con el desarrollo sustentable al sumarse a la propuesta lanzada por la Iniciativa Privada para, junto con el Gobierno del Estado, establecer acciones que contribuyan a elevar la calidad de vida de los ciudadanos. El Alcalde Andr\u00e9s Mijes junto al Gobernador Samuel Garc\u00eda se sum\u00f3 al llamado [&hellip;]<\/p>\n","protected":false},"author":1,"featured_media":140911,"comment_status":"open","ping_status":"open","sticky":true,"template":"","format":"standard","meta":{"footnotes":""},"categories":[6],"tags":[],"_links":{"self":[{"href":"https:\/\/diariodigitalmx.com\/index.php\/wp-json\/wp\/v2\/posts\/140909"}],"collection":[{"href":"https:\/\/diariodigitalmx.com\/index.php\/wp-json\/wp\/v2\/posts"}],"about":[{"href":"https:\/\/diariodigitalmx.com\/index.php\/wp-json\/wp\/v2\/types\/post"}],"author":[{"embeddable":true,"href":"https:\/\/diariodigitalmx.com\/index.php\/wp-json\/wp\/v2\/users\/1"}],"replies":[{"embeddable":true,"href":"https:\/\/diariodigitalmx.com\/index.php\/wp-json\/wp\/v2\/comments?post=140909"}],"version-history":[{"count":2,"href":"https:\/\/diariodigitalmx.com\/index.php\/wp-json\/wp\/v2\/posts\/140909\/revisions"}],"predecessor-version":[{"id":140915,"href":"https:\/\/diariodigitalmx.com\/index.php\/wp-json\/wp\/v2\/posts\/140909\/revisions\/140915"}],"wp:featuredmedia":[{"embeddable":true,"href":"https:\/\/diariodigitalmx.com\/index.php\/wp-json\/wp\/v2\/media\/140911"}],"wp:attachment":[{"href":"https:\/\/diariodigitalmx.com\/index.php\/wp-json\/wp\/v2\/media?parent=140909"}],"wp:term":[{"taxonomy":"category","embeddable":true,"href":"https:\/\/diariodigitalmx.com\/index.php\/wp-json\/wp\/v2\/categories?post=140909"},{"taxonomy":"post_tag","embeddable":true,"href":"https:\/\/diariodigitalmx.com\/index.php\/wp-json\/wp\/v2\/tags?post=140909"}],"curies":[{"name":"wp","href":"https:\/\/api.w.org\/{rel}","templated":true}]}}