{"id":140958,"date":"2025-10-19T16:59:02","date_gmt":"2025-10-19T22:59:02","guid":{"rendered":"https:\/\/diariodigitalmx.com\/?p=140958"},"modified":"2025-10-19T17:27:18","modified_gmt":"2025-10-19T23:27:18","slug":"impulsa-monterrey-la-cultura-en-la-feria-internacional-del-libro-2025","status":"publish","type":"post","link":"https:\/\/diariodigitalmx.com\/index.php\/2025\/10\/19\/impulsa-monterrey-la-cultura-en-la-feria-internacional-del-libro-2025\/","title":{"rendered":"Impulsa Monterrey la cultura en la Feria Internacional del Libro 2025"},"content":{"rendered":"\n<p><\/p>\n\n\n\n<p><em>&nbsp;&nbsp;&nbsp;&nbsp;&nbsp;&nbsp;&nbsp;&nbsp;&nbsp; \u2022&nbsp;&nbsp;&nbsp;&nbsp;&nbsp;&nbsp;&nbsp;&nbsp; El municipio refrend\u00f3 su compromiso con la lectura y el talento local al participar en el encuentro literario m\u00e1s importante del norte del pa\u00eds.<\/em><\/p>\n\n\n\n<p>El Gobierno de Monterrey se sum\u00f3 a la Feria Internacional del Libro Monterrey 2025 como patrocinador oficial, con la finalidad de promover la lectura, la creatividad y las expresiones art\u00edsticas locales.<\/p>\n\n\n\n<p>Durante los nueve d\u00edas del evento, el municipio ofreci\u00f3 un espacio interactivo con un pabell\u00f3n tem\u00e1tico que recibi\u00f3 a m\u00e1s de 44 mil visitantes. En promedio, se realizaron 72 actividades, entre conferencias, presentaciones de libros, teatro gui\u00f1ol, cuentacuentos, talleres de marionetas y distintas manifestaciones culturales.<\/p>\n\n\n\n<p>Durante su recorrido por la feria, el alcalde Adri\u00e1n de la Garza y su esposa, la presidenta del DIF Monterrey, Gaby Oyervides, estuvieron acompa\u00f1ados por la secretaria de Desarrollo Econ\u00f3mico, Ximena Tamariz, y la presidenta de la FIL Monterrey, Carmen Junco de la Vega.<\/p>\n\n\n\n<figure class=\"wp-block-image size-large\"><img loading=\"lazy\" decoding=\"async\" width=\"1024\" height=\"683\" src=\"https:\/\/diariodigitalmx.com\/wp-content\/uploads\/2025\/10\/FIL-MTY-6-1024x683.jpg\" alt=\"\" class=\"wp-image-140978\" srcset=\"https:\/\/diariodigitalmx.com\/wp-content\/uploads\/2025\/10\/FIL-MTY-6-1024x683.jpg 1024w, https:\/\/diariodigitalmx.com\/wp-content\/uploads\/2025\/10\/FIL-MTY-6-300x200.jpg 300w, https:\/\/diariodigitalmx.com\/wp-content\/uploads\/2025\/10\/FIL-MTY-6-768x512.jpg 768w, https:\/\/diariodigitalmx.com\/wp-content\/uploads\/2025\/10\/FIL-MTY-6.jpg 1280w\" sizes=\"(max-width: 1024px) 100vw, 1024px\" \/><\/figure>\n\n\n\n<p>En el stand del Municipio de Monterrey tambi\u00e9n estuvieron presentes el cronista oficial de la ciudad, Leopoldo Espinosa Benavides, y el escultor regiomontano, Cuauht\u00e9moc Zamudio, quienes convivieron con el p\u00fablico y compartieron an\u00e9cdotas y reflexiones sobre la identidad y la historia de la capital.<\/p>\n\n\n\n<figure class=\"wp-block-image size-large\"><img loading=\"lazy\" decoding=\"async\" width=\"1024\" height=\"944\" src=\"https:\/\/diariodigitalmx.com\/wp-content\/uploads\/2025\/10\/FIL-MTY-3-1024x944.jpg\" alt=\"\" class=\"wp-image-140979\" srcset=\"https:\/\/diariodigitalmx.com\/wp-content\/uploads\/2025\/10\/FIL-MTY-3-1024x944.jpg 1024w, https:\/\/diariodigitalmx.com\/wp-content\/uploads\/2025\/10\/FIL-MTY-3-300x277.jpg 300w, https:\/\/diariodigitalmx.com\/wp-content\/uploads\/2025\/10\/FIL-MTY-3-768x708.jpg 768w, https:\/\/diariodigitalmx.com\/wp-content\/uploads\/2025\/10\/FIL-MTY-3.jpg 1060w\" sizes=\"(max-width: 1024px) 100vw, 1024px\" \/><\/figure>\n\n\n\n<p>Asimismo, el edil intervino en una entrevista organizada por el Tecnol\u00f3gico de Monterrey, instituci\u00f3n promotora de la feria, donde se dialog\u00f3 sobre la importancia de crear espacios de encuentro, colaboraci\u00f3n y difusi\u00f3n cultural.<\/p>\n\n\n\n<p>La participaci\u00f3n del municipio reflej\u00f3 el trabajo conjunto por fomentar la lectura, fortalecer la econom\u00eda creativa y estrechar los lazos educativos entre Monterrey y la comunidad internacional.<\/p>\n","protected":false},"excerpt":{"rendered":"<p>&nbsp;&nbsp;&nbsp;&nbsp;&nbsp;&nbsp;&nbsp;&nbsp;&nbsp; \u2022&nbsp;&nbsp;&nbsp;&nbsp;&nbsp;&nbsp;&nbsp;&nbsp; El municipio refrend\u00f3 su compromiso con la lectura y el talento local al participar en el encuentro literario m\u00e1s importante del norte del pa\u00eds. El Gobierno de Monterrey se sum\u00f3 a la Feria Internacional del Libro Monterrey 2025 como patrocinador oficial, con la finalidad de promover la lectura, la creatividad y las expresiones [&hellip;]<\/p>\n","protected":false},"author":1,"featured_media":140976,"comment_status":"open","ping_status":"open","sticky":true,"template":"","format":"standard","meta":{"footnotes":""},"categories":[11,14],"tags":[],"_links":{"self":[{"href":"https:\/\/diariodigitalmx.com\/index.php\/wp-json\/wp\/v2\/posts\/140958"}],"collection":[{"href":"https:\/\/diariodigitalmx.com\/index.php\/wp-json\/wp\/v2\/posts"}],"about":[{"href":"https:\/\/diariodigitalmx.com\/index.php\/wp-json\/wp\/v2\/types\/post"}],"author":[{"embeddable":true,"href":"https:\/\/diariodigitalmx.com\/index.php\/wp-json\/wp\/v2\/users\/1"}],"replies":[{"embeddable":true,"href":"https:\/\/diariodigitalmx.com\/index.php\/wp-json\/wp\/v2\/comments?post=140958"}],"version-history":[{"count":2,"href":"https:\/\/diariodigitalmx.com\/index.php\/wp-json\/wp\/v2\/posts\/140958\/revisions"}],"predecessor-version":[{"id":140980,"href":"https:\/\/diariodigitalmx.com\/index.php\/wp-json\/wp\/v2\/posts\/140958\/revisions\/140980"}],"wp:featuredmedia":[{"embeddable":true,"href":"https:\/\/diariodigitalmx.com\/index.php\/wp-json\/wp\/v2\/media\/140976"}],"wp:attachment":[{"href":"https:\/\/diariodigitalmx.com\/index.php\/wp-json\/wp\/v2\/media?parent=140958"}],"wp:term":[{"taxonomy":"category","embeddable":true,"href":"https:\/\/diariodigitalmx.com\/index.php\/wp-json\/wp\/v2\/categories?post=140958"},{"taxonomy":"post_tag","embeddable":true,"href":"https:\/\/diariodigitalmx.com\/index.php\/wp-json\/wp\/v2\/tags?post=140958"}],"curies":[{"name":"wp","href":"https:\/\/api.w.org\/{rel}","templated":true}]}}