{"id":140984,"date":"2025-10-19T21:45:46","date_gmt":"2025-10-20T03:45:46","guid":{"rendered":"https:\/\/diariodigitalmx.com\/?p=140984"},"modified":"2025-10-19T21:58:17","modified_gmt":"2025-10-20T03:58:17","slug":"inseguridad-asaltan-a-alcalde-veracruzano","status":"publish","type":"post","link":"https:\/\/diariodigitalmx.com\/index.php\/2025\/10\/19\/inseguridad-asaltan-a-alcalde-veracruzano\/","title":{"rendered":"Inseguridad: Asaltan a Alcalde veracruzano"},"content":{"rendered":"\n<p>El&nbsp;<strong>Alcalde electo del municipio de Misantla, Veracruz, no escap\u00f3 a la inseguridad que vive M\u00e9xico en algunas regiones del pa\u00eds, y fue asaltado junto con colaboradores cuando llevaban ayuda a los damnificados de las lluvias.<\/strong><\/p>\n\n\n\n<p><strong>Ren\u00e9 Omar Ja\u00e9n, del Partido Movimiento Ciudadano,<\/strong>&nbsp;quien tomar\u00e1 posesi\u00f3n del cargo el primero de enero del 2026 fue asaltado cuando el convoy circulaba la noche del s\u00e1bado en el Municipio de&nbsp;<strong>\u00c1lamo Temapache, en el norte de Veracruz.<\/strong><strong><\/strong><\/p>\n\n\n\n<p>&#8220;Son las 11 de la noche y estamos en la caseta de Totomoxtle, que va de la ciudad de Veracruz hacia Tuxpan, pues, consternados, hace unos momentos nos pas\u00f3 un incidente desagradable, desagradable para todo nuestro equipo<strong>&nbsp;fuimos v\u00edctimas de asaltantes que nos quitaron una camioneta de un compa\u00f1ero<\/strong>&#8220;, dijo en un video el edil electo.<\/p>\n\n\n\n<p>Agreg\u00f3 que los delincuentes los despojaron sobre una gasolinera de la&nbsp;<strong>Carretera Veracruz-Tuxpan,<\/strong>&nbsp;a la altura de Tihuatl\u00e1n, de&nbsp;<strong>una camioneta, equipo fotogr\u00e1fico, tel\u00e9fonos celulares y otras pertenencias.<\/strong><\/p>\n\n\n\n<p>&#8220;Quiero decirles, adem\u00e1s, nos despojaron, del equipo fotogr\u00e1fico, adem\u00e1s del equipo de celulares de las personas que se encontraban, con violencia&#8221;.<\/p>\n\n\n\n<p>&#8220;Quiero decirles que la gente buena somos m\u00e1s, los amigos que sufrieron este percance son gente buena, gente que venimos a ayudar. Este video, este reclamo, es porque se cuiden, porque, aunque somos m\u00e1s los buenos, por alguno que otro que no sabemos que hay en su cabeza, ponen en riesgo nuestro patrimonio y, sobre todo, lo m\u00e1s importante, nuestra vida, nuestra seguridad&#8221;.<strong><\/strong><\/p>\n\n\n\n<p>&#8220;Estamos despidi\u00e9ndonos desde la Colonia La Heroica del Municipio de \u00c1lamo, pues satisfechos por haber cumplido el objetivo de traer el apoyo que tuvieron a bien confiarnos para traerlos a los hermanos de la zona norte, a los hermanos de \u00c1lamo&#8221;, afirm\u00f3 Ja\u00e9n .<br>&#8220;Estuvimos en tres colonias y nos vamos satisfechos, aunque tristes por ver la situaci\u00f3n en la que se encuentran. Ver que se necesita mucho apoyo, pero tambi\u00e9n contentos por ver la ayuda que de todos los municipios ha llegado y vemos que ya Guardia Nacional est\u00e1 aqu\u00ed tambi\u00e9n apoyando&#8221;.<br><br><br><strong><\/strong><\/p>\n","protected":false},"excerpt":{"rendered":"<p>El&nbsp;Alcalde electo del municipio de Misantla, Veracruz, no escap\u00f3 a la inseguridad que vive M\u00e9xico en algunas regiones del pa\u00eds, y fue asaltado junto con colaboradores cuando llevaban ayuda a los damnificados de las lluvias. Ren\u00e9 Omar Ja\u00e9n, del Partido Movimiento Ciudadano,&nbsp;quien tomar\u00e1 posesi\u00f3n del cargo el primero de enero del 2026 fue asaltado cuando [&hellip;]<\/p>\n","protected":false},"author":1,"featured_media":140988,"comment_status":"open","ping_status":"open","sticky":true,"template":"","format":"standard","meta":{"footnotes":""},"categories":[14,2],"tags":[],"_links":{"self":[{"href":"https:\/\/diariodigitalmx.com\/index.php\/wp-json\/wp\/v2\/posts\/140984"}],"collection":[{"href":"https:\/\/diariodigitalmx.com\/index.php\/wp-json\/wp\/v2\/posts"}],"about":[{"href":"https:\/\/diariodigitalmx.com\/index.php\/wp-json\/wp\/v2\/types\/post"}],"author":[{"embeddable":true,"href":"https:\/\/diariodigitalmx.com\/index.php\/wp-json\/wp\/v2\/users\/1"}],"replies":[{"embeddable":true,"href":"https:\/\/diariodigitalmx.com\/index.php\/wp-json\/wp\/v2\/comments?post=140984"}],"version-history":[{"count":1,"href":"https:\/\/diariodigitalmx.com\/index.php\/wp-json\/wp\/v2\/posts\/140984\/revisions"}],"predecessor-version":[{"id":140985,"href":"https:\/\/diariodigitalmx.com\/index.php\/wp-json\/wp\/v2\/posts\/140984\/revisions\/140985"}],"wp:featuredmedia":[{"embeddable":true,"href":"https:\/\/diariodigitalmx.com\/index.php\/wp-json\/wp\/v2\/media\/140988"}],"wp:attachment":[{"href":"https:\/\/diariodigitalmx.com\/index.php\/wp-json\/wp\/v2\/media?parent=140984"}],"wp:term":[{"taxonomy":"category","embeddable":true,"href":"https:\/\/diariodigitalmx.com\/index.php\/wp-json\/wp\/v2\/categories?post=140984"},{"taxonomy":"post_tag","embeddable":true,"href":"https:\/\/diariodigitalmx.com\/index.php\/wp-json\/wp\/v2\/tags?post=140984"}],"curies":[{"name":"wp","href":"https:\/\/api.w.org\/{rel}","templated":true}]}}