{"id":141085,"date":"2025-10-21T09:22:50","date_gmt":"2025-10-21T15:22:50","guid":{"rendered":"https:\/\/diariodigitalmx.com\/?p=141085"},"modified":"2025-10-21T09:24:46","modified_gmt":"2025-10-21T15:24:46","slug":"propone-rocio-montalvo-garantizar-acceso-a-la-justicia-de-personas-con-discapacidad","status":"publish","type":"post","link":"https:\/\/diariodigitalmx.com\/index.php\/2025\/10\/21\/propone-rocio-montalvo-garantizar-acceso-a-la-justicia-de-personas-con-discapacidad\/","title":{"rendered":"Propone Roc\u00edo Montalvo, garantizar acceso a la justicia de personas con discapacidad"},"content":{"rendered":"\n<p>La diputada independiente, Roc\u00edo Maybe Montalvo Adame, present\u00f3 una iniciativa para reformar la Ley de Defensor\u00eda P\u00fablica y garantizar el acceso a la justicia de las personas con discapacidad, eliminando la prohibici\u00f3n de &#8220;doble representaci\u00f3n&#8221; que actualmente les niega el derecho a una defensa legal gratuita cuando son la contraparte en un proceso judicial.<\/p>\n\n\n\n<p>&#8220;En pleno 2025 las personas con discapacidad sigan enfrentando barreras legales para acceder a la justicia. Cuando acuden a la Defensor\u00eda P\u00fablica y descubren que no pueden ser representados por ser la contraparte, corren el riesgo de quedar completamente indefensos. Esto es discriminaci\u00f3n institucionalizada y una violaci\u00f3n a sus derechos humanos&#8221;, declar\u00f3 la coordinadora del Grupo Legislativo &#8220;\u00danete Pueblo&#8221;.<\/p>\n\n\n\n<p>La legisladora destac\u00f3 que las personas con discapacidad enfrentan una precariedad econ\u00f3mica que hace inaccesible la representaci\u00f3n legal privada.&nbsp;<\/p>\n\n\n\n<p>&#8220;Las personas con discapacidad ganan en promedio 34% menos que el resto de la poblaci\u00f3n y enfrentan gastos extraordinarios en terapias, medicamentos y dispositivos de asistencia. Para ellas, la Defensor\u00eda P\u00fablica no es una opci\u00f3n, es muchas veces la \u00fanica v\u00eda para acceder a la justicia&#8221;, explic\u00f3 Montalvo.<\/p>\n\n\n\n<p>La iniciativa reforma el Art\u00edculo 39 de la Ley de Defensor\u00eda P\u00fablica para a\u00f1adir como supuesto excepcional el ser persona con discapacidad, eliminando as\u00ed la restricci\u00f3n actual que impide al Instituto representar a ambas partes en un conflicto legal cuando una de ellas pertenece a este grupo vulnerable.<\/p>\n\n\n\n<p>&#8220;Colectivos de personas con discapacidad en Nuevo Le\u00f3n han denunciado p\u00fablicamente c\u00f3mo se les cierran las puertas de la Defensor\u00eda P\u00fablica por este tecnicismo legal. Esta reforma busca corregir una injusticia hist\u00f3rica y alinea nuestra legislaci\u00f3n con la Convenci\u00f3n de la ONU sobre los Derechos de las Personas con Discapacidad que M\u00e9xico ratific\u00f3 en 2007&#8221;, afirm\u00f3 la diputada.<\/p>\n\n\n\n<p>Montalvo record\u00f3 que el 33.8% de las personas con discapacidad reportan haber sufrido discriminaci\u00f3n, frente al 23.7% de la poblaci\u00f3n general.&nbsp;<\/p>\n\n\n\n<p>&#8220;Las cifras demuestran que tenemos un sistema que excluye en lugar de incluir. Esta reforma no es un favor, es el cumplimiento de una obligaci\u00f3n constitucional y convencional del Estado&#8221;, sentenci\u00f3.<\/p>\n\n\n\n<p>La legisladora finaliz\u00f3 con un llamado: &#8220;La justicia no puede ser un lujo para quienes pueden pagarla. Exhorto a todos los grupos legislativos a aprobar esta iniciativa a la brevedad posible y en calidad de urgente, pues as\u00ed respetaremos la dignidad y devolveremos el acceso a la justicia a miles de nuevoleoneses que hoy est\u00e1n en situaci\u00f3n de vulnerabilidad. No podemos fallarles&#8221;.<\/p>\n","protected":false},"excerpt":{"rendered":"<p>La diputada independiente, Roc\u00edo Maybe Montalvo Adame, present\u00f3 una iniciativa para reformar la Ley de Defensor\u00eda P\u00fablica y garantizar el acceso a la justicia de las personas con discapacidad, eliminando la prohibici\u00f3n de &#8220;doble representaci\u00f3n&#8221; que actualmente les niega el derecho a una defensa legal gratuita cuando son la contraparte en un proceso judicial. &#8220;En [&hellip;]<\/p>\n","protected":false},"author":1,"featured_media":141087,"comment_status":"open","ping_status":"open","sticky":true,"template":"","format":"standard","meta":{"footnotes":""},"categories":[6],"tags":[],"_links":{"self":[{"href":"https:\/\/diariodigitalmx.com\/index.php\/wp-json\/wp\/v2\/posts\/141085"}],"collection":[{"href":"https:\/\/diariodigitalmx.com\/index.php\/wp-json\/wp\/v2\/posts"}],"about":[{"href":"https:\/\/diariodigitalmx.com\/index.php\/wp-json\/wp\/v2\/types\/post"}],"author":[{"embeddable":true,"href":"https:\/\/diariodigitalmx.com\/index.php\/wp-json\/wp\/v2\/users\/1"}],"replies":[{"embeddable":true,"href":"https:\/\/diariodigitalmx.com\/index.php\/wp-json\/wp\/v2\/comments?post=141085"}],"version-history":[{"count":1,"href":"https:\/\/diariodigitalmx.com\/index.php\/wp-json\/wp\/v2\/posts\/141085\/revisions"}],"predecessor-version":[{"id":141086,"href":"https:\/\/diariodigitalmx.com\/index.php\/wp-json\/wp\/v2\/posts\/141085\/revisions\/141086"}],"wp:featuredmedia":[{"embeddable":true,"href":"https:\/\/diariodigitalmx.com\/index.php\/wp-json\/wp\/v2\/media\/141087"}],"wp:attachment":[{"href":"https:\/\/diariodigitalmx.com\/index.php\/wp-json\/wp\/v2\/media?parent=141085"}],"wp:term":[{"taxonomy":"category","embeddable":true,"href":"https:\/\/diariodigitalmx.com\/index.php\/wp-json\/wp\/v2\/categories?post=141085"},{"taxonomy":"post_tag","embeddable":true,"href":"https:\/\/diariodigitalmx.com\/index.php\/wp-json\/wp\/v2\/tags?post=141085"}],"curies":[{"name":"wp","href":"https:\/\/api.w.org\/{rel}","templated":true}]}}