{"id":141153,"date":"2025-10-22T00:13:35","date_gmt":"2025-10-22T06:13:35","guid":{"rendered":"https:\/\/diariodigitalmx.com\/?p=141153"},"modified":"2025-10-22T00:24:35","modified_gmt":"2025-10-22T06:24:35","slug":"guardia-estatal-detecta-y-retira-16-camaras-ilegales-en-reynosa","status":"publish","type":"post","link":"https:\/\/diariodigitalmx.com\/index.php\/2025\/10\/22\/guardia-estatal-detecta-y-retira-16-camaras-ilegales-en-reynosa\/","title":{"rendered":"Guardia Estatal detecta y retira 16 c\u00e1maras ilegales en Reynosa"},"content":{"rendered":"\n<p>-Eran usadas por presuntos grupos criminales<\/p>\n\n\n\n<p>Reynosa, Tamaulipas.- Personal de la Guardia Estatal realiz\u00f3 un operativo que incluy\u00f3 distintos puntos del municipio de Reynosa que concluy\u00f3 con el aseguramiento de 16 c\u00e1maras de videovigilancia clandestinas, presuntamente instaladas por grupos del crimen organizado.<\/p>\n\n\n\n<figure class=\"wp-block-gallery has-nested-images columns-default is-cropped wp-block-gallery-1 is-layout-flex wp-block-gallery-is-layout-flex\">\n<figure class=\"wp-block-image size-large\"><img loading=\"lazy\" decoding=\"async\" width=\"752\" height=\"1024\" data-id=\"141162\" src=\"https:\/\/diariodigitalmx.com\/wp-content\/uploads\/2025\/10\/IMG-20251021-WA0210-752x1024.jpg\" alt=\"\" class=\"wp-image-141162\" srcset=\"https:\/\/diariodigitalmx.com\/wp-content\/uploads\/2025\/10\/IMG-20251021-WA0210-752x1024.jpg 752w, https:\/\/diariodigitalmx.com\/wp-content\/uploads\/2025\/10\/IMG-20251021-WA0210-220x300.jpg 220w, https:\/\/diariodigitalmx.com\/wp-content\/uploads\/2025\/10\/IMG-20251021-WA0210-768x1046.jpg 768w, https:\/\/diariodigitalmx.com\/wp-content\/uploads\/2025\/10\/IMG-20251021-WA0210.jpg 799w\" sizes=\"(max-width: 752px) 100vw, 752px\" \/><\/figure>\n\n\n\n<figure class=\"wp-block-image size-large\"><img loading=\"lazy\" decoding=\"async\" width=\"1024\" height=\"1004\" data-id=\"141164\" src=\"https:\/\/diariodigitalmx.com\/wp-content\/uploads\/2025\/10\/IMG-20251021-WA0209-1024x1004.jpg\" alt=\"\" class=\"wp-image-141164\" srcset=\"https:\/\/diariodigitalmx.com\/wp-content\/uploads\/2025\/10\/IMG-20251021-WA0209-1024x1004.jpg 1024w, https:\/\/diariodigitalmx.com\/wp-content\/uploads\/2025\/10\/IMG-20251021-WA0209-300x294.jpg 300w, https:\/\/diariodigitalmx.com\/wp-content\/uploads\/2025\/10\/IMG-20251021-WA0209-768x753.jpg 768w, https:\/\/diariodigitalmx.com\/wp-content\/uploads\/2025\/10\/IMG-20251021-WA0209.jpg 1280w\" sizes=\"(max-width: 1024px) 100vw, 1024px\" \/><\/figure>\n\n\n\n<figure class=\"wp-block-image size-large\"><img loading=\"lazy\" decoding=\"async\" width=\"1024\" height=\"737\" data-id=\"141163\" src=\"https:\/\/diariodigitalmx.com\/wp-content\/uploads\/2025\/10\/IMG-20251021-WA0207-1024x737.jpg\" alt=\"\" class=\"wp-image-141163\" srcset=\"https:\/\/diariodigitalmx.com\/wp-content\/uploads\/2025\/10\/IMG-20251021-WA0207-1024x737.jpg 1024w, https:\/\/diariodigitalmx.com\/wp-content\/uploads\/2025\/10\/IMG-20251021-WA0207-300x216.jpg 300w, https:\/\/diariodigitalmx.com\/wp-content\/uploads\/2025\/10\/IMG-20251021-WA0207-768x553.jpg 768w, https:\/\/diariodigitalmx.com\/wp-content\/uploads\/2025\/10\/IMG-20251021-WA0207.jpg 1081w\" sizes=\"(max-width: 1024px) 100vw, 1024px\" \/><\/figure>\n<\/figure>\n\n\n\n<p>Los equipos se encontraban colocados en espectaculares, antenas y torres de comunicaci\u00f3n, en puntos en el Boulevard Morelos, \u00c1lvaro Obreg\u00f3n, L\u00e1zaro C\u00e1rdenas y el Libramiento Monterrey, entre otros sectores. Las c\u00e1maras eran utilizadas presuntamente para monitorear movimientos de corporaciones de seguridad y poblaci\u00f3n civil.<\/p>\n\n\n\n<figure class=\"wp-block-image size-large\"><img loading=\"lazy\" decoding=\"async\" width=\"1024\" height=\"768\" src=\"https:\/\/diariodigitalmx.com\/wp-content\/uploads\/2025\/10\/IMG-20251021-WA0212-1024x768.jpg\" alt=\"\" class=\"wp-image-141160\" srcset=\"https:\/\/diariodigitalmx.com\/wp-content\/uploads\/2025\/10\/IMG-20251021-WA0212-1024x768.jpg 1024w, https:\/\/diariodigitalmx.com\/wp-content\/uploads\/2025\/10\/IMG-20251021-WA0212-300x225.jpg 300w, https:\/\/diariodigitalmx.com\/wp-content\/uploads\/2025\/10\/IMG-20251021-WA0212-768x576.jpg 768w, https:\/\/diariodigitalmx.com\/wp-content\/uploads\/2025\/10\/IMG-20251021-WA0212-1536x1152.jpg 1536w, https:\/\/diariodigitalmx.com\/wp-content\/uploads\/2025\/10\/IMG-20251021-WA0212.jpg 1600w\" sizes=\"(max-width: 1024px) 100vw, 1024px\" \/><\/figure>\n\n\n\n<p>Adem\u00e1s, se decomisaron nueve paneles solares empleados para mantener activo el sistema.<\/p>\n\n\n\n<p>&nbsp;El material fue puesto a disposici\u00f3n de la Fiscal\u00eda General de Justicia del Estado de Tamaulipas (FGJT) a fin de dar seguimiento a las investigaciones correspondientes y deslindar responsabilidades.<\/p>\n","protected":false},"excerpt":{"rendered":"<p>-Eran usadas por presuntos grupos criminales Reynosa, Tamaulipas.- Personal de la Guardia Estatal realiz\u00f3 un operativo que incluy\u00f3 distintos puntos del municipio de Reynosa que concluy\u00f3 con el aseguramiento de 16 c\u00e1maras de videovigilancia clandestinas, presuntamente instaladas por grupos del crimen organizado. Los equipos se encontraban colocados en espectaculares, antenas y torres de comunicaci\u00f3n, en [&hellip;]<\/p>\n","protected":false},"author":1,"featured_media":141159,"comment_status":"open","ping_status":"open","sticky":true,"template":"","format":"standard","meta":{"footnotes":""},"categories":[2,3,5],"tags":[],"_links":{"self":[{"href":"https:\/\/diariodigitalmx.com\/index.php\/wp-json\/wp\/v2\/posts\/141153"}],"collection":[{"href":"https:\/\/diariodigitalmx.com\/index.php\/wp-json\/wp\/v2\/posts"}],"about":[{"href":"https:\/\/diariodigitalmx.com\/index.php\/wp-json\/wp\/v2\/types\/post"}],"author":[{"embeddable":true,"href":"https:\/\/diariodigitalmx.com\/index.php\/wp-json\/wp\/v2\/users\/1"}],"replies":[{"embeddable":true,"href":"https:\/\/diariodigitalmx.com\/index.php\/wp-json\/wp\/v2\/comments?post=141153"}],"version-history":[{"count":2,"href":"https:\/\/diariodigitalmx.com\/index.php\/wp-json\/wp\/v2\/posts\/141153\/revisions"}],"predecessor-version":[{"id":141165,"href":"https:\/\/diariodigitalmx.com\/index.php\/wp-json\/wp\/v2\/posts\/141153\/revisions\/141165"}],"wp:featuredmedia":[{"embeddable":true,"href":"https:\/\/diariodigitalmx.com\/index.php\/wp-json\/wp\/v2\/media\/141159"}],"wp:attachment":[{"href":"https:\/\/diariodigitalmx.com\/index.php\/wp-json\/wp\/v2\/media?parent=141153"}],"wp:term":[{"taxonomy":"category","embeddable":true,"href":"https:\/\/diariodigitalmx.com\/index.php\/wp-json\/wp\/v2\/categories?post=141153"},{"taxonomy":"post_tag","embeddable":true,"href":"https:\/\/diariodigitalmx.com\/index.php\/wp-json\/wp\/v2\/tags?post=141153"}],"curies":[{"name":"wp","href":"https:\/\/api.w.org\/{rel}","templated":true}]}}