{"id":141212,"date":"2025-10-23T07:51:34","date_gmt":"2025-10-23T13:51:34","guid":{"rendered":"https:\/\/diariodigitalmx.com\/?p=141212"},"modified":"2025-10-23T08:03:31","modified_gmt":"2025-10-23T14:03:31","slug":"adrian-un-trago-amargo","status":"publish","type":"post","link":"https:\/\/diariodigitalmx.com\/index.php\/2025\/10\/23\/adrian-un-trago-amargo\/","title":{"rendered":"Adri\u00e1n: un trago amargo"},"content":{"rendered":"\n<p>Ra\u00fal Guajardo Cant\u00fa&nbsp;<\/p>\n\n\n\n<p>Con el relanzamiento del PAN en el plano nacional, el cual incluye el rompimiento de la alianza que ten\u00eda con el PRI, se presenta una situaci\u00f3n que impacta en el \u00e1mbito local y que afecta, en primera instancia al alcalde de Monterrey, Adri\u00e1n de la Garza, quien ya se ve\u00eda como el candidato de la coalici\u00f3n de ambos partidos.<\/p>\n\n\n\n<p>Es este momento un trago amargo para Adri\u00e1n, quien deber\u00e1 de renegociar la alianza, a\u00fan y cuando sea en el plano privado, que se supone ten\u00eda con Acci\u00f3n Nacional en el \u00e1mbito local. Por cierto, los l\u00edderes en Nuevo Le\u00f3n ya se\u00f1alaron que ellos quieren continuar con la alianza, pese a lo que suceda en el contexto nacional.<\/p>\n\n\n\n<p>Desde nuestra perspectiva lo m\u00e1s probable es que el chiste le suba el costo de la alianza al actual alcalde de la capital nuevoleonesa, sobre todo porque los liderazgos locales ya hab\u00edan se\u00f1alado que el priista no cumpli\u00f3 con sus compromisos en la alcald\u00eda de Monterrey.<\/p>\n\n\n\n<p>Seg\u00fan las cr\u00f3nicas period\u00edsticas, Adri\u00e1n evit\u00f3 las presentaciones p\u00fablicas que ten\u00eda programadas, principalmente la que se llevar\u00eda a cabo en el PRI, lo cual significa que Adri\u00e1n est\u00e1 tratando de no enfrentar a la opini\u00f3n p\u00fablica hasta en tanto no sepa a ciencia a cierta qu\u00e9 va a suceder.<\/p>\n\n\n\n<p>Lo cierto es que si la negociaci\u00f3n se lleva a cabo con los dirigentes nacionales, a Adri\u00e1n le saldr\u00e1 mucho m\u00e1s cara la candidatura de la gubernatura de lo que hab\u00eda planeado, sobre todo por lo que respecta a los cargos y dependencias que deber\u00e1 ceder a los panistas que lo acompa\u00f1en.<\/p>\n\n\n\n<p>Pero m\u00e1s all\u00e1 de los costos, existe un antecedente directo con los blanquiazules que no quedaron con muy buen sabor de boca despu\u00e9s de la elecci\u00f3n que llev\u00f3 a Adri\u00e1n al Palacio de Cristal, pero de cualquier manera a los actuales l\u00edderes locales les conviene m\u00e1s que llegue el priista a que lo haga alguien emanado de su propio instituto pol\u00edtico por razones que ya hemos explicado en este espacio.<\/p>\n\n\n\n<p>Adri\u00e1n no cumpli\u00f3 con lo prometido, prefiri\u00f3 llevar a la Secretar\u00eda del Ayuntamiento a C\u00e9sar Garza, priista, antes de cumplir con el compromiso de elevar a esa posici\u00f3n a un militante del PAN, a quien acab\u00f3 nombrando como coordinador de gabinete o algo as\u00ed, cualquier cosa que ello signifique.<\/p>\n\n\n\n<p>La realidad es que Adri\u00e1n de la Garza no gana la gubernatura solo con la candidatura impulsada por el Revolucionario Institucional, y lo m\u00e1s probable es que Acci\u00f3n Nacional tampoco triunfe yendo por su cuenta, de ah\u00ed que ahora se especule con la posibilidad de que Luis Donaldo Colosio, quien ya se ve que no est\u00e1 c\u00f3modo con el liderazgo de su compadre Samuel, quien, por su parte, no desea que el exalcalde se posicione como un candidato cre\u00edble a la presidencia por Movimiento Ciudadano.<\/p>\n\n\n\n<p>Recapitulando, una de las consecuencias del \u201crelanzamiento\u201d del PAN es que la candidatura de Adri\u00e1n puede tambalearse o volverse inviable, pero otra es que los l\u00edderes locales pueden llegar a un enfrentamiento con el liderazgo nacional del blanquiazul e incluso puede repercutir en el partido que gobierna el estado, vienen unos d\u00edas muy interesantes y decisiones que pueden cambiar el futuro de Nuevo Le\u00f3n.<\/p>\n","protected":false},"excerpt":{"rendered":"<p>Ra\u00fal Guajardo Cant\u00fa&nbsp; Con el relanzamiento del PAN en el plano nacional, el cual incluye el rompimiento de la alianza que ten\u00eda con el PRI, se presenta una situaci\u00f3n que impacta en el \u00e1mbito local y que afecta, en primera instancia al alcalde de Monterrey, Adri\u00e1n de la Garza, quien ya se ve\u00eda como el [&hellip;]<\/p>\n","protected":false},"author":1,"featured_media":141219,"comment_status":"open","ping_status":"open","sticky":false,"template":"","format":"standard","meta":{"footnotes":""},"categories":[12],"tags":[],"_links":{"self":[{"href":"https:\/\/diariodigitalmx.com\/index.php\/wp-json\/wp\/v2\/posts\/141212"}],"collection":[{"href":"https:\/\/diariodigitalmx.com\/index.php\/wp-json\/wp\/v2\/posts"}],"about":[{"href":"https:\/\/diariodigitalmx.com\/index.php\/wp-json\/wp\/v2\/types\/post"}],"author":[{"embeddable":true,"href":"https:\/\/diariodigitalmx.com\/index.php\/wp-json\/wp\/v2\/users\/1"}],"replies":[{"embeddable":true,"href":"https:\/\/diariodigitalmx.com\/index.php\/wp-json\/wp\/v2\/comments?post=141212"}],"version-history":[{"count":1,"href":"https:\/\/diariodigitalmx.com\/index.php\/wp-json\/wp\/v2\/posts\/141212\/revisions"}],"predecessor-version":[{"id":141213,"href":"https:\/\/diariodigitalmx.com\/index.php\/wp-json\/wp\/v2\/posts\/141212\/revisions\/141213"}],"wp:featuredmedia":[{"embeddable":true,"href":"https:\/\/diariodigitalmx.com\/index.php\/wp-json\/wp\/v2\/media\/141219"}],"wp:attachment":[{"href":"https:\/\/diariodigitalmx.com\/index.php\/wp-json\/wp\/v2\/media?parent=141212"}],"wp:term":[{"taxonomy":"category","embeddable":true,"href":"https:\/\/diariodigitalmx.com\/index.php\/wp-json\/wp\/v2\/categories?post=141212"},{"taxonomy":"post_tag","embeddable":true,"href":"https:\/\/diariodigitalmx.com\/index.php\/wp-json\/wp\/v2\/tags?post=141212"}],"curies":[{"name":"wp","href":"https:\/\/api.w.org\/{rel}","templated":true}]}}