{"id":141240,"date":"2025-10-23T20:15:59","date_gmt":"2025-10-24T02:15:59","guid":{"rendered":"https:\/\/diariodigitalmx.com\/?p=141240"},"modified":"2025-10-23T20:35:09","modified_gmt":"2025-10-24T02:35:09","slug":"avanza-ley-de-coordinacion-metropolitana","status":"publish","type":"post","link":"https:\/\/diariodigitalmx.com\/index.php\/2025\/10\/23\/avanza-ley-de-coordinacion-metropolitana\/","title":{"rendered":"Avanza Ley de Coordinaci\u00f3n Metropolitana"},"content":{"rendered":"\n<figure class=\"wp-block-image size-large\"><img loading=\"lazy\" decoding=\"async\" width=\"1024\" height=\"681\" src=\"https:\/\/diariodigitalmx.com\/wp-content\/uploads\/2025\/10\/SESION-MESA-METROPOLITANA-2-1024x681.jpeg\" alt=\"\" class=\"wp-image-141248\" srcset=\"https:\/\/diariodigitalmx.com\/wp-content\/uploads\/2025\/10\/SESION-MESA-METROPOLITANA-2-1024x681.jpeg 1024w, https:\/\/diariodigitalmx.com\/wp-content\/uploads\/2025\/10\/SESION-MESA-METROPOLITANA-2-300x199.jpeg 300w, https:\/\/diariodigitalmx.com\/wp-content\/uploads\/2025\/10\/SESION-MESA-METROPOLITANA-2-768x511.jpeg 768w, https:\/\/diariodigitalmx.com\/wp-content\/uploads\/2025\/10\/SESION-MESA-METROPOLITANA-2.jpeg 1280w\" sizes=\"(max-width: 1024px) 100vw, 1024px\" \/><\/figure>\n\n\n\n<p>Durante la cuarta reuni\u00f3n de la Mesa de Coordinaci\u00f3n Metropolitana, encabezada por el Alcalde y Presidente de este organismo, Andr\u00e9s Mijes, y el Gobernador Samuel Garc\u00eda, se presentaron avances del proyecto de Ley de Coordinaci\u00f3n Metropolitana y temas prioritarios para el desarrollo regional en beneficio de la ciudadan\u00eda.<\/p>\n\n\n\n<p>En su intervenci\u00f3n, Andr\u00e9s Mijes dio a conocer que los Alcaldes integrantes de esta mesa han expresado sus propuestas para fortalecer esta ley, la cual permitir\u00e1 establecer que la coordinaci\u00f3n y cooperaci\u00f3n entre municipios sea de car\u00e1cter obligatorio, garantizando as\u00ed respuestas integrales a los problemas actuales.<\/p>\n\n\n\n<figure class=\"wp-block-image size-large\"><img loading=\"lazy\" decoding=\"async\" width=\"1024\" height=\"682\" src=\"https:\/\/diariodigitalmx.com\/wp-content\/uploads\/2025\/10\/SESION-MESA-METROPOLITANA-4-1024x682.jpeg\" alt=\"\" class=\"wp-image-141250\" srcset=\"https:\/\/diariodigitalmx.com\/wp-content\/uploads\/2025\/10\/SESION-MESA-METROPOLITANA-4-1024x682.jpeg 1024w, https:\/\/diariodigitalmx.com\/wp-content\/uploads\/2025\/10\/SESION-MESA-METROPOLITANA-4-300x200.jpeg 300w, https:\/\/diariodigitalmx.com\/wp-content\/uploads\/2025\/10\/SESION-MESA-METROPOLITANA-4-768x512.jpeg 768w, https:\/\/diariodigitalmx.com\/wp-content\/uploads\/2025\/10\/SESION-MESA-METROPOLITANA-4-1536x1023.jpeg 1536w, https:\/\/diariodigitalmx.com\/wp-content\/uploads\/2025\/10\/SESION-MESA-METROPOLITANA-4.jpeg 1600w\" sizes=\"(max-width: 1024px) 100vw, 1024px\" \/><\/figure>\n\n\n\n<p>Mijes anunci\u00f3 que se integrar\u00e1 una mesa de trabajo con especialistas que aportar\u00e1n su experiencia t\u00e9cnica y jur\u00eddica para enriquecer la redacci\u00f3n final de la nueva Ley de Coordinaci\u00f3n Metropolitana.<\/p>\n\n\n\n<p>Y a\u00f1adi\u00f3 que se contempla que en las pr\u00f3ximas semanas esta iniciativa sea presentada ante el Congreso del Estado y, de ser posible, aprobada en el mismo periodo de sesiones.<\/p>\n\n\n\n<p>Asimismo, subray\u00f3 que este nuevo marco legal ser\u00eda el cimiento para una cooperaci\u00f3n municipal obligatoria, eficiente y sostenida, lo que permitir\u00eda enfrentar en conjunto retos como la inseguridad, la falta de oportunidades, la movilidad deficiente, la contaminaci\u00f3n y la escasez de agua.<\/p>\n\n\n\n<figure class=\"wp-block-image size-large\"><img loading=\"lazy\" decoding=\"async\" width=\"1024\" height=\"682\" src=\"https:\/\/diariodigitalmx.com\/wp-content\/uploads\/2025\/10\/SESION-MESA-METROPOLITANA-3-1024x682.jpeg\" alt=\"\" class=\"wp-image-141251\" srcset=\"https:\/\/diariodigitalmx.com\/wp-content\/uploads\/2025\/10\/SESION-MESA-METROPOLITANA-3-1024x682.jpeg 1024w, https:\/\/diariodigitalmx.com\/wp-content\/uploads\/2025\/10\/SESION-MESA-METROPOLITANA-3-300x200.jpeg 300w, https:\/\/diariodigitalmx.com\/wp-content\/uploads\/2025\/10\/SESION-MESA-METROPOLITANA-3-768x512.jpeg 768w, https:\/\/diariodigitalmx.com\/wp-content\/uploads\/2025\/10\/SESION-MESA-METROPOLITANA-3-1536x1023.jpeg 1536w, https:\/\/diariodigitalmx.com\/wp-content\/uploads\/2025\/10\/SESION-MESA-METROPOLITANA-3.jpeg 1600w\" sizes=\"(max-width: 1024px) 100vw, 1024px\" \/><\/figure>\n\n\n\n<p>A la par de ello se estar\u00eda garantizando la participaci\u00f3n permanente de universidades, c\u00e1maras empresariales y organizaciones civiles con el objetivo de que sus aportaciones t\u00e9cnicas, acad\u00e9micas y productivas formen parte de cada decisi\u00f3n y estrategia.<\/p>\n\n\n\n<p>El Alcalde enfatiz\u00f3 que solo con la inclusi\u00f3n de todos los sectores se podr\u00e1 construir una visi\u00f3n conjunta, capaz de anticipar desaf\u00edos y ofrecer respuestas reales, responsables y viables a las necesidades de las zonas urbanas.<\/p>\n\n\n\n<p>Finalmente, Mijes destac\u00f3 que la zona metropolitana requiere acciones que trasciendan administraciones y garanticen un desarrollo ordenado, seguro y sostenible, asegurando que los avances logrados se traduzcan en bienestar y mejor calidad de vida para todos los ciudadanos.<\/p>\n","protected":false},"excerpt":{"rendered":"<p>Durante la cuarta reuni\u00f3n de la Mesa de Coordinaci\u00f3n Metropolitana, encabezada por el Alcalde y Presidente de este organismo, Andr\u00e9s Mijes, y el Gobernador Samuel Garc\u00eda, se presentaron avances del proyecto de Ley de Coordinaci\u00f3n Metropolitana y temas prioritarios para el desarrollo regional en beneficio de la ciudadan\u00eda. En su intervenci\u00f3n, Andr\u00e9s Mijes dio a [&hellip;]<\/p>\n","protected":false},"author":1,"featured_media":141246,"comment_status":"open","ping_status":"open","sticky":true,"template":"","format":"standard","meta":{"footnotes":""},"categories":[6,3],"tags":[],"_links":{"self":[{"href":"https:\/\/diariodigitalmx.com\/index.php\/wp-json\/wp\/v2\/posts\/141240"}],"collection":[{"href":"https:\/\/diariodigitalmx.com\/index.php\/wp-json\/wp\/v2\/posts"}],"about":[{"href":"https:\/\/diariodigitalmx.com\/index.php\/wp-json\/wp\/v2\/types\/post"}],"author":[{"embeddable":true,"href":"https:\/\/diariodigitalmx.com\/index.php\/wp-json\/wp\/v2\/users\/1"}],"replies":[{"embeddable":true,"href":"https:\/\/diariodigitalmx.com\/index.php\/wp-json\/wp\/v2\/comments?post=141240"}],"version-history":[{"count":2,"href":"https:\/\/diariodigitalmx.com\/index.php\/wp-json\/wp\/v2\/posts\/141240\/revisions"}],"predecessor-version":[{"id":141252,"href":"https:\/\/diariodigitalmx.com\/index.php\/wp-json\/wp\/v2\/posts\/141240\/revisions\/141252"}],"wp:featuredmedia":[{"embeddable":true,"href":"https:\/\/diariodigitalmx.com\/index.php\/wp-json\/wp\/v2\/media\/141246"}],"wp:attachment":[{"href":"https:\/\/diariodigitalmx.com\/index.php\/wp-json\/wp\/v2\/media?parent=141240"}],"wp:term":[{"taxonomy":"category","embeddable":true,"href":"https:\/\/diariodigitalmx.com\/index.php\/wp-json\/wp\/v2\/categories?post=141240"},{"taxonomy":"post_tag","embeddable":true,"href":"https:\/\/diariodigitalmx.com\/index.php\/wp-json\/wp\/v2\/tags?post=141240"}],"curies":[{"name":"wp","href":"https:\/\/api.w.org\/{rel}","templated":true}]}}