{"id":141263,"date":"2025-10-24T05:34:46","date_gmt":"2025-10-24T11:34:46","guid":{"rendered":"https:\/\/diariodigitalmx.com\/?p=141263"},"modified":"2025-10-24T05:47:52","modified_gmt":"2025-10-24T11:47:52","slug":"patria-familia-y-libertad","status":"publish","type":"post","link":"https:\/\/diariodigitalmx.com\/index.php\/2025\/10\/24\/patria-familia-y-libertad\/","title":{"rendered":"Patria, familia y libertad"},"content":{"rendered":"\n<p>\u00d3scar Tamez Rodr\u00edguez<\/p>\n\n\n\n<p>El PAN defini\u00f3 en su asamblea que no concretar\u00e1n alianzas pol\u00edticas con otros partidos, el mensaje es hacia el PRI pues en la actual geograf\u00eda de los partidos nacionales s\u00f3lo quedan el PRI y MC como oposici\u00f3n. Con el \u00faltimo no tiene acercamientos recientes.<\/p>\n\n\n\n<p>Llama la atenci\u00f3n que los opinadores nacionales se fueron contra el albiazul por su decisi\u00f3n cuando meses atr\u00e1s cuestionaban que al coaligarse cargaban con los negativos del tricolor y su potencial desprestigio.<\/p>\n\n\n\n<p>El PRI es opci\u00f3n pol\u00edtica en Nuevo Le\u00f3n, Coahuila y Durango, m\u00e1s algunas zonas o regiones de otras entidades, fuera de ello es un partido \u201cpeque\u00f1o\u201d y en v\u00edas de extinci\u00f3n.<\/p>\n\n\n\n<p>\u00bfHizo bien o no el PAN? En el sistema de partidos vigente desde los previos a la elecci\u00f3n del 2018, el expresidente L\u00f3pez y su proyecto de 4T se encargaron de polarizar los procesos electorales, en un sincretismo perverso, pero bien planeado y ejecutado, el partido en el poder estableci\u00f3 que en M\u00e9xico s\u00f3lo hay dos opciones pol\u00edticas los que est\u00e1n con la 4T y los que se ubican contra ella.<\/p>\n\n\n\n<p>Ante esa disyuntiva y donde el partido hegem\u00f3nico junto a sus aliados se ha radicalizado hacia el estatismo, donde abiertamente sus postulados atentan contra las libertades de los ciudadanos, contra los conceptos tradicionales de familia y contra la naci\u00f3n democr\u00e1tica en construcci\u00f3n; es oportuno que el PAN defina su posicionamiento y que \u00e9ste se posicione en el cuadrante opuesto de la identidad pol\u00edtica.<\/p>\n\n\n\n<p>El PRI es un partido necesario, lo que no es \u00fatil para \u00e9l ni para la sociedad es la c\u00fapula donde se reparten las migajas que caen del poder electoral. Su presencia exige una reingenier\u00eda de fondo, visi\u00f3n incluyente y a la renovaci\u00f3n de sus cuadros, pero como esto es imposible y su imagen sigue vapuleada, lo mejor es marcar distancia, eso es lo que hizo el PAN y lo que cualquier estratega pol\u00edtico habr\u00eda recomendado desde hace al menos un lustro.<\/p>\n\n\n\n<p>La 4T propone una patria igualitaria, donde las d\u00e1divas, el populismo, la coerci\u00f3n y el control de las instituciones con fines facciosos. Es urgente una opci\u00f3n donde la clase media se refleje, encuentre espacios contra la persecuci\u00f3n impositiva, judicial y pol\u00edtica que se recrudece.<\/p>\n\n\n\n<p>La patria requiere m\u00e1s de una opci\u00f3n para elegir, adem\u00e1s del estatismo de la 4T, necesita opciones para el ejercicio de la democracia, de los valores republicanos y de una sociedad basada en derechos.<\/p>\n\n\n\n<p>La familia vive la visi\u00f3n progresista \u00absi as\u00ed se puede llamar\u00bb de la 4T donde su concepto de familia no es compartido por la mayor\u00eda de los mexicanos. Esto lo aseguro porque no veo muchos casos donde los padres manden a sus hijos varones con faldas. La familia tradicional mexicana a\u00fan impera, incluso entre muchos recalcitrantes cuatrote\u00f1os.<\/p>\n\n\n\n<p>Que el PAN asuma la defensa de la familia convencional, sus valores y el respeto a sus integrantes le ganar\u00e1 simpat\u00edas al momento del debate p\u00fablico donde confronte las posturas cuatrote\u00f1as. Debe dejar de temer a su propia identidad.<\/p>\n\n\n\n<p>Las libertades sufren acoso, lo mismo la de pensamiento que la de expresi\u00f3n, adem\u00e1s de la propiedad privada y el desarrollo profesional. Que una fracci\u00f3n del entorno pol\u00edtico se asuma defensor de estas libertades atrae a quienes las consideran valiosas para su crecimiento arm\u00f3nico.<\/p>\n\n\n\n<p>Lo cuestionable es que se deba radicalizar la pol\u00edtica al grado que s\u00f3lo podamos elegir entre buenos y malos \u00abcada quien escoja el bando\u00bb. La democracia en sociedades plurales sobrevive en el centro, sea la socialdemocracia o la centroderecha.<\/p>\n\n\n\n<p>\u00a1Vivimos tiempos de definiciones radicales y sin concesiones!<\/p>\n\n\n\n<p>Atentamente<\/p>\n\n\n\n<p>\u00d3scar Tamez Rodr\u00edguez<\/p>\n\n\n\n<p>CEPHIP,AC<\/p>\n\n\n\n<p><a href=\"http:\/\/www.historiadores.org\/\" target=\"_blank\" rel=\"noreferrer noopener\">www.historiadores.org<\/a><\/p>\n\n\n\n<p><a href=\"http:\/\/www.estudiospoliticos.mx\/\" target=\"_blank\" rel=\"noreferrer noopener\">www.estudiospoliticos.mx<\/a><\/p>\n\n\n\n<p><a href=\"http:\/\/www.facebook.com\/estudiospoliticos.mx\" target=\"_blank\" rel=\"noreferrer noopener\">www.Facebook.com\/estudiospoliticos.mx<\/a><\/p>\n\n\n\n<p><a href=\"http:\/\/www.twitter.com\/Estudios.mx\" target=\"_blank\" rel=\"noreferrer noopener\">www.Twitter.com\/Estudios.mx<\/a><\/p>\n","protected":false},"excerpt":{"rendered":"<p>\u00d3scar Tamez Rodr\u00edguez El PAN defini\u00f3 en su asamblea que no concretar\u00e1n alianzas pol\u00edticas con otros partidos, el mensaje es hacia el PRI pues en la actual geograf\u00eda de los partidos nacionales s\u00f3lo quedan el PRI y MC como oposici\u00f3n. Con el \u00faltimo no tiene acercamientos recientes. Llama la atenci\u00f3n que los opinadores nacionales se [&hellip;]<\/p>\n","protected":false},"author":1,"featured_media":141272,"comment_status":"open","ping_status":"open","sticky":true,"template":"","format":"standard","meta":{"footnotes":""},"categories":[12],"tags":[],"_links":{"self":[{"href":"https:\/\/diariodigitalmx.com\/index.php\/wp-json\/wp\/v2\/posts\/141263"}],"collection":[{"href":"https:\/\/diariodigitalmx.com\/index.php\/wp-json\/wp\/v2\/posts"}],"about":[{"href":"https:\/\/diariodigitalmx.com\/index.php\/wp-json\/wp\/v2\/types\/post"}],"author":[{"embeddable":true,"href":"https:\/\/diariodigitalmx.com\/index.php\/wp-json\/wp\/v2\/users\/1"}],"replies":[{"embeddable":true,"href":"https:\/\/diariodigitalmx.com\/index.php\/wp-json\/wp\/v2\/comments?post=141263"}],"version-history":[{"count":1,"href":"https:\/\/diariodigitalmx.com\/index.php\/wp-json\/wp\/v2\/posts\/141263\/revisions"}],"predecessor-version":[{"id":141264,"href":"https:\/\/diariodigitalmx.com\/index.php\/wp-json\/wp\/v2\/posts\/141263\/revisions\/141264"}],"wp:featuredmedia":[{"embeddable":true,"href":"https:\/\/diariodigitalmx.com\/index.php\/wp-json\/wp\/v2\/media\/141272"}],"wp:attachment":[{"href":"https:\/\/diariodigitalmx.com\/index.php\/wp-json\/wp\/v2\/media?parent=141263"}],"wp:term":[{"taxonomy":"category","embeddable":true,"href":"https:\/\/diariodigitalmx.com\/index.php\/wp-json\/wp\/v2\/categories?post=141263"},{"taxonomy":"post_tag","embeddable":true,"href":"https:\/\/diariodigitalmx.com\/index.php\/wp-json\/wp\/v2\/tags?post=141263"}],"curies":[{"name":"wp","href":"https:\/\/api.w.org\/{rel}","templated":true}]}}