{"id":141307,"date":"2025-10-25T08:34:35","date_gmt":"2025-10-25T14:34:35","guid":{"rendered":"https:\/\/diariodigitalmx.com\/?p=141307"},"modified":"2025-10-25T08:57:44","modified_gmt":"2025-10-25T14:57:44","slug":"reconocen-a-agentes-del-ministerio-publico-por-su-compromiso-profesionalismo-y-vocacion-de-servicio","status":"publish","type":"post","link":"https:\/\/diariodigitalmx.com\/index.php\/2025\/10\/25\/reconocen-a-agentes-del-ministerio-publico-por-su-compromiso-profesionalismo-y-vocacion-de-servicio\/","title":{"rendered":"Reconocen a Agentes del Ministerio P\u00fablico por su\u00a0compromiso, profesionalismo y vocaci\u00f3n de servicio"},"content":{"rendered":"\n<figure class=\"wp-block-image size-full\"><img loading=\"lazy\" decoding=\"async\" width=\"720\" height=\"467\" src=\"https:\/\/diariodigitalmx.com\/wp-content\/uploads\/2025\/10\/Screenshot_20251025_075054_Gallery.jpg\" alt=\"\" class=\"wp-image-141322\" srcset=\"https:\/\/diariodigitalmx.com\/wp-content\/uploads\/2025\/10\/Screenshot_20251025_075054_Gallery.jpg 720w, https:\/\/diariodigitalmx.com\/wp-content\/uploads\/2025\/10\/Screenshot_20251025_075054_Gallery-300x195.jpg 300w\" sizes=\"(max-width: 720px) 100vw, 720px\" \/><\/figure>\n\n\n\n<p>la Fiscal\u00eda General de Justicia del Estado de Nuevo Le\u00f3n conmemor\u00f3 el&nbsp;D\u00eda del Agente del Ministerio P\u00fablico, un momento para honrar la entrega, la vocaci\u00f3n y el compromiso de quienes, con su trabajo diario, sostienen uno de los pilares m\u00e1s importantes de la procuraci\u00f3n de justicia en la entidad.&nbsp;<\/p>\n\n\n\n<p>Durante la ceremonia, se entregaron reconocimientos a 30 agentes del Ministerio P\u00fablico por su destacada labor, compromiso, compa\u00f1erismo y sentido de pertenencia.&nbsp; Cada uno de ellos fue elegido a trav\u00e9s de un proceso abierto dentro de la instituci\u00f3n, en el que sus propias compa\u00f1eras y compa\u00f1eros votaron para reconocer a quienes sobresalen por su entrega y profesionalismo.&nbsp;<\/p>\n\n\n\n<p>El Vicefiscal del Ministerio P\u00fablico, Luis Enrique Orozco, subray\u00f3 que con esta conmemoraci\u00f3n no solo se celebra una profesi\u00f3n, sino tambi\u00e9n una misi\u00f3n profundamente humana:<\/p>\n\n\n\n<figure class=\"wp-block-image size-full\"><img loading=\"lazy\" decoding=\"async\" width=\"720\" height=\"466\" src=\"https:\/\/diariodigitalmx.com\/wp-content\/uploads\/2025\/10\/Screenshot_20251025_075033_Gallery.jpg\" alt=\"\" class=\"wp-image-141324\" srcset=\"https:\/\/diariodigitalmx.com\/wp-content\/uploads\/2025\/10\/Screenshot_20251025_075033_Gallery.jpg 720w, https:\/\/diariodigitalmx.com\/wp-content\/uploads\/2025\/10\/Screenshot_20251025_075033_Gallery-300x194.jpg 300w\" sizes=\"(max-width: 720px) 100vw, 720px\" \/><\/figure>\n\n\n\n<p>\u201cSer agentes del Ministerio P\u00fablico es mucho m\u00e1s que investigar y perseguir delitos. Somos garantes de la seguridad y la paz de las personas que acuden a nosotros, muchas de ellas en momentos de vulnerabilidad esta instituci\u00f3n es su refugio, y cada uno de nosotros tiene la responsabilidad de ser garante de los derechos de las v\u00edctimas y de ofrecer soluciones efectivas\u201d, puntualiz\u00f3.<\/p>\n\n\n\n<p>En su mensaje, Orozco reconoci\u00f3 adem\u00e1s el impulso de la Pol\u00edtica de Persecuci\u00f3n Penal recientemente emitida por el Fiscal General, Lic. Javier Flores Sald\u00edvar, que busca fortalecer la eficacia institucional y abatir el rezago en las investigaciones.<\/p>\n\n\n\n<p>\u201cEs una oportunidad \u00fanica para transformar nuestra instituci\u00f3n, requiere nuestro compromiso y trabajo en equipo para construir una fiscal\u00eda m\u00e1s justa y eficiente\u201d, afirm\u00f3.<\/p>\n\n\n\n<p>La Secretaria de Administraci\u00f3n y Finanzas, Dra. Lorena Vald\u00e9s Miranda, tambi\u00e9n dirigi\u00f3 unas palabras a las y los agentes, destacando la fortaleza humana y la vocaci\u00f3n que los caracteriza:<\/p>\n\n\n\n<p>\u201cLo que ustedes enfrentan no lo ense\u00f1an los libros ni las universidades. Esta es una realidad humana, que a veces duele, que exige y que tambi\u00e9n inspira. He visto su trabajo, su respeto por la ley, pero sobre todo su respeto por la dignidad de las personas. Esto no se fabrica por decreto: es sentido de pertenencia y amor por esta instituci\u00f3n\u201d, expres\u00f3.\u00a0<\/p>\n\n\n\n<figure class=\"wp-block-image size-full\"><img loading=\"lazy\" decoding=\"async\" width=\"720\" height=\"467\" src=\"https:\/\/diariodigitalmx.com\/wp-content\/uploads\/2025\/10\/Screenshot_20251025_075045_Android-System.jpg\" alt=\"\" class=\"wp-image-141326\" srcset=\"https:\/\/diariodigitalmx.com\/wp-content\/uploads\/2025\/10\/Screenshot_20251025_075045_Android-System.jpg 720w, https:\/\/diariodigitalmx.com\/wp-content\/uploads\/2025\/10\/Screenshot_20251025_075045_Android-System-300x195.jpg 300w\" sizes=\"(max-width: 720px) 100vw, 720px\" \/><\/figure>\n\n\n\n<p>En el acto estuvieron presentes el Fiscal General, Lic. Javier Flores Sald\u00edvar; el Fiscal Especializado en Combate a la Corrupci\u00f3n, Javier Garc\u00eda Garza; el Fiscal Especializado en Delitos Electorales, Gustavo Javier Sol\u00eds; el Vicefiscal de Control y Desarrollo en la Procuraci\u00f3n de Justicia, Alejandro Carl\u00edn; el Vicefiscal Jur\u00eddico, Pedro Arce; la Secretaria de Administraci\u00f3n y Finanzas, Dra. Lorena Vald\u00e9s; la Titular del \u00d3rgano Interno de Control, Lic. Julieta Hern\u00e1ndez; y el Director General de la Agencia Estatal de Investigaciones, Esteban Alejandro Cant\u00fa, entre otras autoridades.&nbsp;<\/p>\n","protected":false},"excerpt":{"rendered":"<p>la Fiscal\u00eda General de Justicia del Estado de Nuevo Le\u00f3n conmemor\u00f3 el&nbsp;D\u00eda del Agente del Ministerio P\u00fablico, un momento para honrar la entrega, la vocaci\u00f3n y el compromiso de quienes, con su trabajo diario, sostienen uno de los pilares m\u00e1s importantes de la procuraci\u00f3n de justicia en la entidad.&nbsp; Durante la ceremonia, se entregaron reconocimientos [&hellip;]<\/p>\n","protected":false},"author":1,"featured_media":141320,"comment_status":"open","ping_status":"open","sticky":true,"template":"","format":"standard","meta":{"footnotes":""},"categories":[6],"tags":[],"_links":{"self":[{"href":"https:\/\/diariodigitalmx.com\/index.php\/wp-json\/wp\/v2\/posts\/141307"}],"collection":[{"href":"https:\/\/diariodigitalmx.com\/index.php\/wp-json\/wp\/v2\/posts"}],"about":[{"href":"https:\/\/diariodigitalmx.com\/index.php\/wp-json\/wp\/v2\/types\/post"}],"author":[{"embeddable":true,"href":"https:\/\/diariodigitalmx.com\/index.php\/wp-json\/wp\/v2\/users\/1"}],"replies":[{"embeddable":true,"href":"https:\/\/diariodigitalmx.com\/index.php\/wp-json\/wp\/v2\/comments?post=141307"}],"version-history":[{"count":4,"href":"https:\/\/diariodigitalmx.com\/index.php\/wp-json\/wp\/v2\/posts\/141307\/revisions"}],"predecessor-version":[{"id":141327,"href":"https:\/\/diariodigitalmx.com\/index.php\/wp-json\/wp\/v2\/posts\/141307\/revisions\/141327"}],"wp:featuredmedia":[{"embeddable":true,"href":"https:\/\/diariodigitalmx.com\/index.php\/wp-json\/wp\/v2\/media\/141320"}],"wp:attachment":[{"href":"https:\/\/diariodigitalmx.com\/index.php\/wp-json\/wp\/v2\/media?parent=141307"}],"wp:term":[{"taxonomy":"category","embeddable":true,"href":"https:\/\/diariodigitalmx.com\/index.php\/wp-json\/wp\/v2\/categories?post=141307"},{"taxonomy":"post_tag","embeddable":true,"href":"https:\/\/diariodigitalmx.com\/index.php\/wp-json\/wp\/v2\/tags?post=141307"}],"curies":[{"name":"wp","href":"https:\/\/api.w.org\/{rel}","templated":true}]}}