{"id":141394,"date":"2025-10-27T04:47:28","date_gmt":"2025-10-27T10:47:28","guid":{"rendered":"https:\/\/diariodigitalmx.com\/?p=141394"},"modified":"2025-10-27T04:56:16","modified_gmt":"2025-10-27T10:56:16","slug":"llora-nena-llora","status":"publish","type":"post","link":"https:\/\/diariodigitalmx.com\/index.php\/2025\/10\/27\/llora-nena-llora\/","title":{"rendered":"Llora nena llora"},"content":{"rendered":"\n<p>Gerson G\u00f3mez Salas<\/p>\n\n\n\n<p>Para esta hora la celebraci\u00f3n extendida en la Casa Rosada. Javier Milei ha logrado el triunfo oficialista en las elecciones intermedias de legisladores.<\/p>\n\n\n\n<p>Desde As\u00eda, la llamada de su socio comercial, ya le asegur\u00f3 el pr\u00e9stamo de d\u00f3lares por pesos. Solo retrasar\u00e1 la devaluaci\u00f3n del 35%.<\/p>\n\n\n\n<p>Permitir a los inversionistas golondrinos, del interior de la republica de la Argentina, como los pr\u00f3speros del exterior, triangularon los recursos a cuentas seguras en Suiza y cuestionables en las Islas Caim\u00e1n.<\/p>\n\n\n\n<p>Cuantos mexicanos, de las antiguas dietas empresariales, contin\u00faan apostando al desgarre de la econom\u00eda menos s\u00f3lida del continente sudamericano.<\/p>\n\n\n\n<p>Ternium antes Hojalata y Lamina, con sede en Monterrey, hipercontaminante en la zona norte, adjunta a la UANL, cancer\u00edgena y muy poco socialmente responsable, pas\u00f3 de ser del grupo empresarial norte\u00f1o a propiedad argentina.<\/p>\n\n\n\n<p>A nivel directivo hicieron toda la campa\u00f1a de miedo. Con Milei a muerte. A la cancha del olvido Los Peronistas.<\/p>\n\n\n\n<p>Ahora lloran en Villa Fiorito, la cartonera donde naci\u00f3 el D10S del balompi\u00e9. En Tigre los pudientes disfrutan de la primavera. Ir\u00e1n a Punta del Este, Uruguay, o en las playas surfistas de Brasil. Donde el amigo Lula da Silva, act\u00faa en el claroscuro de quienes menos tienen.<\/p>\n\n\n\n<p>Ya Bolsonaro duerme en la prisi\u00f3n, no en el reino de los cielos, la tropa de evangelistas ora en el laberinto sin fin del chantaje sentimental.<\/p>\n\n\n\n<p>Buenos Aires se ve tan susceptible. Es el destino de furia. Lo que en sus caras persiste. Javier Milei prende las alarmas de sus conciudadanos: los desempleados, los menesterosos y la ciudad m\u00e1s europea en Am\u00e9rica.<\/p>\n","protected":false},"excerpt":{"rendered":"<p>Gerson G\u00f3mez Salas Para esta hora la celebraci\u00f3n extendida en la Casa Rosada. Javier Milei ha logrado el triunfo oficialista en las elecciones intermedias de legisladores. Desde As\u00eda, la llamada de su socio comercial, ya le asegur\u00f3 el pr\u00e9stamo de d\u00f3lares por pesos. Solo retrasar\u00e1 la devaluaci\u00f3n del 35%. Permitir a los inversionistas golondrinos, del [&hellip;]<\/p>\n","protected":false},"author":1,"featured_media":141398,"comment_status":"open","ping_status":"open","sticky":true,"template":"","format":"standard","meta":{"footnotes":""},"categories":[12],"tags":[],"_links":{"self":[{"href":"https:\/\/diariodigitalmx.com\/index.php\/wp-json\/wp\/v2\/posts\/141394"}],"collection":[{"href":"https:\/\/diariodigitalmx.com\/index.php\/wp-json\/wp\/v2\/posts"}],"about":[{"href":"https:\/\/diariodigitalmx.com\/index.php\/wp-json\/wp\/v2\/types\/post"}],"author":[{"embeddable":true,"href":"https:\/\/diariodigitalmx.com\/index.php\/wp-json\/wp\/v2\/users\/1"}],"replies":[{"embeddable":true,"href":"https:\/\/diariodigitalmx.com\/index.php\/wp-json\/wp\/v2\/comments?post=141394"}],"version-history":[{"count":1,"href":"https:\/\/diariodigitalmx.com\/index.php\/wp-json\/wp\/v2\/posts\/141394\/revisions"}],"predecessor-version":[{"id":141395,"href":"https:\/\/diariodigitalmx.com\/index.php\/wp-json\/wp\/v2\/posts\/141394\/revisions\/141395"}],"wp:featuredmedia":[{"embeddable":true,"href":"https:\/\/diariodigitalmx.com\/index.php\/wp-json\/wp\/v2\/media\/141398"}],"wp:attachment":[{"href":"https:\/\/diariodigitalmx.com\/index.php\/wp-json\/wp\/v2\/media?parent=141394"}],"wp:term":[{"taxonomy":"category","embeddable":true,"href":"https:\/\/diariodigitalmx.com\/index.php\/wp-json\/wp\/v2\/categories?post=141394"},{"taxonomy":"post_tag","embeddable":true,"href":"https:\/\/diariodigitalmx.com\/index.php\/wp-json\/wp\/v2\/tags?post=141394"}],"curies":[{"name":"wp","href":"https:\/\/api.w.org\/{rel}","templated":true}]}}