{"id":141396,"date":"2025-10-27T04:49:39","date_gmt":"2025-10-27T10:49:39","guid":{"rendered":"https:\/\/diariodigitalmx.com\/?p=141396"},"modified":"2025-10-27T06:03:07","modified_gmt":"2025-10-27T12:03:07","slug":"gerson-gomez-recomienda-estas-lecturas-15","status":"publish","type":"post","link":"https:\/\/diariodigitalmx.com\/index.php\/2025\/10\/27\/gerson-gomez-recomienda-estas-lecturas-15\/","title":{"rendered":"Gerson G\u00f3mez recomienda estas lecturas"},"content":{"rendered":"\n<p>Retratos de Truman Capote<\/p>\n\n\n\n<p>Y son precisamente los retratos de otro fot\u00f3grafo, Richard Avedon, los que inspiran a Capote una serie de certeros perfiles, empezando por el del propio Avedon, y luego, pasando revista a un socarr\u00f3n John Huston, un ambivalente Chaplin, una coqueta Coco Chanel, un moribundo Somerset Maugham, un errante Ezra Pound, una anciana y fascinante Isak Dinesen, una Mae West de carne y hueso, un Louis Armstrong captado desde la mirada infantil, un Gide que reflexiona sobre Cocteau, un Bogart retratado a trav\u00e9s de sus palabras fetiche, un Picasso tan genial que podr\u00eda provocar instintos asesinos y un Duchamp iconoclasta que bien podr\u00eda ser su reverso.<\/p>\n\n\n\n<figure class=\"wp-block-image size-full\"><img loading=\"lazy\" decoding=\"async\" width=\"718\" height=\"702\" src=\"https:\/\/diariodigitalmx.com\/wp-content\/uploads\/2025\/10\/thumb_28876_portadas_big.jpeg\" alt=\"\" class=\"wp-image-141412\" srcset=\"https:\/\/diariodigitalmx.com\/wp-content\/uploads\/2025\/10\/thumb_28876_portadas_big.jpeg 718w, https:\/\/diariodigitalmx.com\/wp-content\/uploads\/2025\/10\/thumb_28876_portadas_big-300x293.jpeg 300w\" sizes=\"(max-width: 718px) 100vw, 718px\" \/><\/figure>\n\n\n\n<p>Gratitud de Oliver Sacks<\/p>\n\n\n\n<p>En febrero de 2015, Oliver Sacks recibi\u00f3 la noticia de que el melanoma que le hab\u00edan diagnosticado en el ojo diez a\u00f1os antes hab\u00eda generado met\u00e1stasis y ahora le afectaba al h\u00edgado. Se trataba de un tipo de c\u00e1ncer con muy pocas opciones de tratamiento, y los m\u00e9dicos le pronosticaron que no le quedaban m\u00e1s de seis meses de vida. Poco m\u00e1s de un a\u00f1o antes, hab\u00eda completado su apasionante autobiograf\u00eda En movimiento.<\/p>\n\n\n\n<p>Los cuatro ensayos que forman este volumen componen una suerte de coda a ese libro, una visi\u00f3n panor\u00e1mica de la vida desde el punto de vista de alguien que encara la muerte con aceptaci\u00f3n, pero sin renunciar a su deseo de \u00abmorir al pie del ca\u00f1\u00f3n\u00bb. En el primero de ellos, \u00abMercurio\u00bb, nos habla de las \u00abdelicias de la vejez\u00bb; en \u00abDe mi propia vida\u00bb expresa su inmenso sentimiento de gratitud por haber tenido una existencia vital e intelectual plena. En \u00abMi tabla peri\u00f3dica\u00bb, Sacks evoca su afici\u00f3n a las ciencias f\u00edsicas y a los elementos de dicha tabla. Y en \u00abSabbat\u00bb recoge su complicada relaci\u00f3n con la religi\u00f3n de sus padres, el juda\u00edsmo. Oliver Sacks nos lega en estas p\u00e1ginas la gratitud del t\u00edtulo.<\/p>\n\n\n\n<figure class=\"wp-block-image size-full\"><img loading=\"lazy\" decoding=\"async\" width=\"718\" height=\"642\" src=\"https:\/\/diariodigitalmx.com\/wp-content\/uploads\/2025\/10\/thumb_28827_portadas_big.jpeg\" alt=\"\" class=\"wp-image-141414\" srcset=\"https:\/\/diariodigitalmx.com\/wp-content\/uploads\/2025\/10\/thumb_28827_portadas_big.jpeg 718w, https:\/\/diariodigitalmx.com\/wp-content\/uploads\/2025\/10\/thumb_28827_portadas_big-300x268.jpeg 300w\" sizes=\"(max-width: 718px) 100vw, 718px\" \/><\/figure>\n\n\n\n<p>&nbsp;Jap\u00f3n eterno. Viaje bajo las flores de un mundo flotante de Am\u00e9lie Nothomb<\/p>\n\n\n\n<p>Todas las novelas de Am\u00e9lie Nothomb est\u00e1n indisolublemente unidas a Jap\u00f3n, ya sea de forma lejana o profundamente \u00edntima.<\/p>\n\n\n\n<p>Las conversaciones entre Am\u00e9lie Nothomb y Laureline Amanieux para el podcast hom\u00f3nimo constituyen el hilo conductor de Jap\u00f3n eterno: un viaje introspectivo al coraz\u00f3n del alma nipona. A lo largo de la obra, esas conversaciones se entrelazan con las de otros expertos en cultura japonesa, que la enriquecen con su visi\u00f3n y sabidur\u00eda y nos acompa\u00f1an por el camino de los kami, el camino del budismo, el camino del guerrero y el camino de la elegancia. Enriquecido con textos, citas e ilustraciones, Jap\u00f3n eterno invita al lector a sumergirse en la magia del pa\u00eds del que la autora lleva toda la vida enamorada.<\/p>\n\n\n\n<figure class=\"wp-block-image size-full\"><img loading=\"lazy\" decoding=\"async\" width=\"720\" height=\"837\" src=\"https:\/\/diariodigitalmx.com\/wp-content\/uploads\/2025\/10\/thumb_28911_portadas_big.jpeg\" alt=\"\" class=\"wp-image-141417\" srcset=\"https:\/\/diariodigitalmx.com\/wp-content\/uploads\/2025\/10\/thumb_28911_portadas_big.jpeg 720w, https:\/\/diariodigitalmx.com\/wp-content\/uploads\/2025\/10\/thumb_28911_portadas_big-258x300.jpeg 258w\" sizes=\"(max-width: 720px) 100vw, 720px\" \/><\/figure>\n\n\n\n<p>&nbsp;\u00bfUna rayita? Por qu\u00e9 en Espa\u00f1a se consume tanta coca\u00edna y no se habla de ello de David L\u00f3pez Canales<\/p>\n\n\n\n<p>En las dos \u00faltimas d\u00e9cadas, el porcentaje de poblaci\u00f3n que ha probado la coca\u00edna en Espa\u00f1a se ha triplicado. El pa\u00eds se sit\u00faa entre los primeros del mundo en su consumo.<\/p>\n\n\n\n<p>Desde su irrupci\u00f3n a finales de los setenta, la coca\u00edna ha ido perdiendo su estigma de peligrosidad y se ha convertido incluso en un reclamo publicitario. \u00bfUna rayita? aborda esta realidad y fomenta una conversaci\u00f3n ausente, desde el hiperconsumo o la b\u00fasqueda del placer hasta la pol\u00edtica internacional, en una sociedad que ha pasado de la condena moral a la normalizaci\u00f3n de su uso.<\/p>\n","protected":false},"excerpt":{"rendered":"<p>Retratos de Truman Capote Y son precisamente los retratos de otro fot\u00f3grafo, Richard Avedon, los que inspiran a Capote una serie de certeros perfiles, empezando por el del propio Avedon, y luego, pasando revista a un socarr\u00f3n John Huston, un ambivalente Chaplin, una coqueta Coco Chanel, un moribundo Somerset Maugham, un errante Ezra Pound, una [&hellip;]<\/p>\n","protected":false},"author":1,"featured_media":141420,"comment_status":"open","ping_status":"open","sticky":true,"template":"","format":"standard","meta":{"footnotes":""},"categories":[11,14],"tags":[],"_links":{"self":[{"href":"https:\/\/diariodigitalmx.com\/index.php\/wp-json\/wp\/v2\/posts\/141396"}],"collection":[{"href":"https:\/\/diariodigitalmx.com\/index.php\/wp-json\/wp\/v2\/posts"}],"about":[{"href":"https:\/\/diariodigitalmx.com\/index.php\/wp-json\/wp\/v2\/types\/post"}],"author":[{"embeddable":true,"href":"https:\/\/diariodigitalmx.com\/index.php\/wp-json\/wp\/v2\/users\/1"}],"replies":[{"embeddable":true,"href":"https:\/\/diariodigitalmx.com\/index.php\/wp-json\/wp\/v2\/comments?post=141396"}],"version-history":[{"count":4,"href":"https:\/\/diariodigitalmx.com\/index.php\/wp-json\/wp\/v2\/posts\/141396\/revisions"}],"predecessor-version":[{"id":141419,"href":"https:\/\/diariodigitalmx.com\/index.php\/wp-json\/wp\/v2\/posts\/141396\/revisions\/141419"}],"wp:featuredmedia":[{"embeddable":true,"href":"https:\/\/diariodigitalmx.com\/index.php\/wp-json\/wp\/v2\/media\/141420"}],"wp:attachment":[{"href":"https:\/\/diariodigitalmx.com\/index.php\/wp-json\/wp\/v2\/media?parent=141396"}],"wp:term":[{"taxonomy":"category","embeddable":true,"href":"https:\/\/diariodigitalmx.com\/index.php\/wp-json\/wp\/v2\/categories?post=141396"},{"taxonomy":"post_tag","embeddable":true,"href":"https:\/\/diariodigitalmx.com\/index.php\/wp-json\/wp\/v2\/tags?post=141396"}],"curies":[{"name":"wp","href":"https:\/\/api.w.org\/{rel}","templated":true}]}}