{"id":141407,"date":"2025-10-27T05:25:40","date_gmt":"2025-10-27T11:25:40","guid":{"rendered":"https:\/\/diariodigitalmx.com\/?p=141407"},"modified":"2025-10-27T05:29:46","modified_gmt":"2025-10-27T11:29:46","slug":"sainas-pliego-va-en-serio","status":"publish","type":"post","link":"https:\/\/diariodigitalmx.com\/index.php\/2025\/10\/27\/sainas-pliego-va-en-serio\/","title":{"rendered":"Sainas Pliego va en serio"},"content":{"rendered":"\n<p>De frente y de perfil<\/p>\n\n\n\n<p>Ram\u00f3n Zurita Sahag\u00fan<\/p>\n\n\n\n<p>Ser empresario no los a\u00edsla de la posibilidad pol\u00edtica a quienes tienen esa connotaci\u00f3n.<\/p>\n\n\n\n<p>Muchos personajes ligados al mundo de los negocios caen en la tentaci\u00f3n del poder pol\u00edtico y manifiestan su inter\u00e9s en sumarse a esas filas.<\/p>\n\n\n\n<p>Varios gobernadores mexicanos provienen del mundo empresarial y su gesti\u00f3n pol\u00edtica no fue mayor o menor que las de los pol\u00edticos en el ejercicio de su gesti\u00f3n.<\/p>\n\n\n\n<p>Fernando Canales, Enrique Mart\u00ednez, Carlos Hank Gonz\u00e1lez. Benjam\u00edn Clariond, Jaime Bonilla, Miguel Alem\u00e1n Velasco, son ejemplo de lo anterior, aunque en M\u00e9xico, hasta el momento ning\u00fan alto empresario hab\u00eda manifestado su inter\u00e9s en ser candidato presidencial.<\/p>\n\n\n\n<p>Tal es el caso de Ricardo Benjam\u00edn Salinas Pliego, quien ya expres\u00f3 su inter\u00e9s en contender por la Presidencia de la Rep\u00fablica en la siguiente elecci\u00f3n presidencial.<\/p>\n\n\n\n<p>En el mundo, los empresarios han logrado esa distinci\u00f3n de los primeros planos de la pol\u00edtica en sus respectivos pa\u00edses.<\/p>\n\n\n\n<p>Unos con mayor suerte que otros, se posicionaron como lo hace hoy Donald Trump.<\/p>\n\n\n\n<p>El caso de Salinas Pliego es peculiar, ya que su inter\u00e9s pol\u00edtico se hizo manifiesto no m\u00e1s all\u00e1 de un par de a\u00f1os, cuando entr\u00f3 en conflicto con el actual gobierno de la rep\u00fablica por un asunto del cobro de impuesto, excesivos a decir del magnate.<\/p>\n\n\n\n<p>Precisamente basado en esa r\u00e9plica y peloteo entre gobierno y empresario le ha permitido un s\u00fabito crecimiento al empresario al que ya se le ve como un serio aspirante presidencial, a una distancia de cinco a\u00f1os de la elecci\u00f3n.<\/p>\n\n\n\n<p>Son muchos los que consideran que ese tiempo es perfecto para el mayor posicionamiento de alguien que pretenda enfrentar la fuerza adquirida por el partido gobernante que ha mostrado que lleg\u00f3 para quedarse.<\/p>\n\n\n\n<p>Que caracter\u00edsticas tiene Ricardo Benjam\u00edn que atraen a la gente: es un tipo simp\u00e1tico y emp\u00e1tico, cr\u00edtico del sistema, creador de un personaje conocido como el t\u00edo Richi que habla con lenguaje explosivo y directo, haciendo uso, cuando lo requiere, de un lenguaje soez y directo, algo a lo que la gran mayor\u00eda de los empresarios no se atreven.<\/p>\n\n\n\n<p>Se burla del actual gobierno y lo enfrenta, tanto en sus medios de comunicaci\u00f3n como de manera directa, sin darle vuelta al asunto. Expone las eventuales negociaciones que pretendieron hacer para el pago de impuesto y el no cumplimiento de las mismas y se dice dispuesto a cubrir los pagos pendientes, pero sin las tasas de recargos y multas que se le acreditan.<\/p>\n\n\n\n<p>Y mientras el debate sobre el tema sigue, Salinas Pliego sigue acaparando seguidores, como dio cuenta la reuni\u00f3n de m\u00e1s de 22 mil personas en torno al magnate en el festejo de su 70 cumplea\u00f1os.<\/p>\n\n\n\n<p>Esa ocasi\u00f3n la aprovech\u00f3 para presentar una parodia del \u201ccirco del bienestar\u201d donde hace una cr\u00edtica del expresidente L\u00f3pez Obrador y sus hijos.<\/p>\n\n\n\n<p>&nbsp; &nbsp; &nbsp; &nbsp; &nbsp; &nbsp; &nbsp; &nbsp; &nbsp; &nbsp; &nbsp; &nbsp; &nbsp; &nbsp; &nbsp; &nbsp; &nbsp; &nbsp; &nbsp; &nbsp; &nbsp; &nbsp; &nbsp; &nbsp; &nbsp; &nbsp; &nbsp; &nbsp; &nbsp; &nbsp; &nbsp; &nbsp;\u2026\u2026\u2026\u2026\u2026\u2026\u2026\u2026\u2026\u2026\u2026\u2026<\/p>\n\n\n\n<p>La diputada priista por Sinaloa, Paola G\u00e1rate asegur\u00f3 que en esa entidad el campo no se rinde y seguir\u00e1n buscando precios justos a las cosechas. El campo no pide favores, exige respeto y reglas claras, advirti\u00f3 la legisladora\u2026\u00bfQu\u00e9 le pas\u00f3 a Fox Sport dej\u00f3 de transmitir los juegos de f\u00fatbol, el b\u00e9isbol y la F\u00f3rmula uno y solo le qued\u00f3 el americano?<\/p>\n\n\n\n<p>Email: ram\u00f3<a href=\"mailto:nzurita44@hotmail.com\" target=\"_blank\" rel=\"noreferrer noopener\">nzurita44@hotmail.com<\/a><\/p>\n\n\n\n<p>Email:&nbsp;<a href=\"mailto:ramonzurita44@gmail.com\" target=\"_blank\" rel=\"noreferrer noopener\">ramonzurita44@gmail.com<\/a><\/p>\n","protected":false},"excerpt":{"rendered":"<p>De frente y de perfil Ram\u00f3n Zurita Sahag\u00fan Ser empresario no los a\u00edsla de la posibilidad pol\u00edtica a quienes tienen esa connotaci\u00f3n. Muchos personajes ligados al mundo de los negocios caen en la tentaci\u00f3n del poder pol\u00edtico y manifiestan su inter\u00e9s en sumarse a esas filas. Varios gobernadores mexicanos provienen del mundo empresarial y su [&hellip;]<\/p>\n","protected":false},"author":1,"featured_media":141409,"comment_status":"open","ping_status":"open","sticky":true,"template":"","format":"standard","meta":{"footnotes":""},"categories":[12,5],"tags":[],"_links":{"self":[{"href":"https:\/\/diariodigitalmx.com\/index.php\/wp-json\/wp\/v2\/posts\/141407"}],"collection":[{"href":"https:\/\/diariodigitalmx.com\/index.php\/wp-json\/wp\/v2\/posts"}],"about":[{"href":"https:\/\/diariodigitalmx.com\/index.php\/wp-json\/wp\/v2\/types\/post"}],"author":[{"embeddable":true,"href":"https:\/\/diariodigitalmx.com\/index.php\/wp-json\/wp\/v2\/users\/1"}],"replies":[{"embeddable":true,"href":"https:\/\/diariodigitalmx.com\/index.php\/wp-json\/wp\/v2\/comments?post=141407"}],"version-history":[{"count":1,"href":"https:\/\/diariodigitalmx.com\/index.php\/wp-json\/wp\/v2\/posts\/141407\/revisions"}],"predecessor-version":[{"id":141408,"href":"https:\/\/diariodigitalmx.com\/index.php\/wp-json\/wp\/v2\/posts\/141407\/revisions\/141408"}],"wp:featuredmedia":[{"embeddable":true,"href":"https:\/\/diariodigitalmx.com\/index.php\/wp-json\/wp\/v2\/media\/141409"}],"wp:attachment":[{"href":"https:\/\/diariodigitalmx.com\/index.php\/wp-json\/wp\/v2\/media?parent=141407"}],"wp:term":[{"taxonomy":"category","embeddable":true,"href":"https:\/\/diariodigitalmx.com\/index.php\/wp-json\/wp\/v2\/categories?post=141407"},{"taxonomy":"post_tag","embeddable":true,"href":"https:\/\/diariodigitalmx.com\/index.php\/wp-json\/wp\/v2\/tags?post=141407"}],"curies":[{"name":"wp","href":"https:\/\/api.w.org\/{rel}","templated":true}]}}