{"id":141424,"date":"2025-10-28T05:13:25","date_gmt":"2025-10-28T11:13:25","guid":{"rendered":"https:\/\/diariodigitalmx.com\/?p=141424"},"modified":"2025-10-28T05:31:26","modified_gmt":"2025-10-28T11:31:26","slug":"prada-en-monterrey","status":"publish","type":"post","link":"https:\/\/diariodigitalmx.com\/index.php\/2025\/10\/28\/prada-en-monterrey\/","title":{"rendered":"Prada en Monterrey\u00a0"},"content":{"rendered":"\n<p>Gabriel Contreras<\/p>\n\n\n\n<p>\u00c1gatha Ruiz de la Prada aterriza en Monterrey dentro del programa de actividades del Festival Internacional Santa Luc\u00eda.<\/p>\n\n\n\n<p>La exposici\u00f3n \u201cColores que inspiran\u201d cuenta con el trabajo curatorial de Eliud Nava y ofrece una visi\u00f3n r\u00e1pida y panor\u00e1mica de esta dise\u00f1adora espa\u00f1ola, que se distingue como una de las miradas m\u00e1s significativas en el \u00e1mbito de la creaci\u00f3n de im\u00e1genes y experiencias en la Europa actual.<\/p>\n\n\n\n<p>\u00c1gatha Ruiz de la Prada estuvo presente ayer por la tarde en una rueda convocada por el Festival. Al tomar la palabra, habl\u00f3 de su fama, sus viajes y su talento. Ella estar\u00e1 diez d\u00edas en Monterrey. La exposici\u00f3n tiene lugar en Nave Generadores, en Parque Fundidora, y se inaugura esta noche.<\/p>\n","protected":false},"excerpt":{"rendered":"<p>Gabriel Contreras \u00c1gatha Ruiz de la Prada aterriza en Monterrey dentro del programa de actividades del Festival Internacional Santa Luc\u00eda. La exposici\u00f3n \u201cColores que inspiran\u201d cuenta con el trabajo curatorial de Eliud Nava y ofrece una visi\u00f3n r\u00e1pida y panor\u00e1mica de esta dise\u00f1adora espa\u00f1ola, que se distingue como una de las miradas m\u00e1s significativas en [&hellip;]<\/p>\n","protected":false},"author":1,"featured_media":141434,"comment_status":"open","ping_status":"open","sticky":true,"template":"","format":"standard","meta":{"footnotes":""},"categories":[12],"tags":[],"_links":{"self":[{"href":"https:\/\/diariodigitalmx.com\/index.php\/wp-json\/wp\/v2\/posts\/141424"}],"collection":[{"href":"https:\/\/diariodigitalmx.com\/index.php\/wp-json\/wp\/v2\/posts"}],"about":[{"href":"https:\/\/diariodigitalmx.com\/index.php\/wp-json\/wp\/v2\/types\/post"}],"author":[{"embeddable":true,"href":"https:\/\/diariodigitalmx.com\/index.php\/wp-json\/wp\/v2\/users\/1"}],"replies":[{"embeddable":true,"href":"https:\/\/diariodigitalmx.com\/index.php\/wp-json\/wp\/v2\/comments?post=141424"}],"version-history":[{"count":2,"href":"https:\/\/diariodigitalmx.com\/index.php\/wp-json\/wp\/v2\/posts\/141424\/revisions"}],"predecessor-version":[{"id":141430,"href":"https:\/\/diariodigitalmx.com\/index.php\/wp-json\/wp\/v2\/posts\/141424\/revisions\/141430"}],"wp:featuredmedia":[{"embeddable":true,"href":"https:\/\/diariodigitalmx.com\/index.php\/wp-json\/wp\/v2\/media\/141434"}],"wp:attachment":[{"href":"https:\/\/diariodigitalmx.com\/index.php\/wp-json\/wp\/v2\/media?parent=141424"}],"wp:term":[{"taxonomy":"category","embeddable":true,"href":"https:\/\/diariodigitalmx.com\/index.php\/wp-json\/wp\/v2\/categories?post=141424"},{"taxonomy":"post_tag","embeddable":true,"href":"https:\/\/diariodigitalmx.com\/index.php\/wp-json\/wp\/v2\/tags?post=141424"}],"curies":[{"name":"wp","href":"https:\/\/api.w.org\/{rel}","templated":true}]}}