{"id":141431,"date":"2025-10-28T05:26:24","date_gmt":"2025-10-28T11:26:24","guid":{"rendered":"https:\/\/diariodigitalmx.com\/?p=141431"},"modified":"2025-10-28T05:28:56","modified_gmt":"2025-10-28T11:28:56","slug":"pide-perla-villarreal-garantizar-el-derecho-a-reprogramar-entrevistas-laborales","status":"publish","type":"post","link":"https:\/\/diariodigitalmx.com\/index.php\/2025\/10\/28\/pide-perla-villarreal-garantizar-el-derecho-a-reprogramar-entrevistas-laborales\/","title":{"rendered":"Pide Perla Villarreal garantizar el derecho a reprogramar entrevistas laborales"},"content":{"rendered":"\n<p>La Coordinadora del Grupo Legislativo del PRD, Perla Villarreal Valdez, present\u00f3 cuatro iniciativas que proponen reformar diversas leyes laborales para que las personas candidatas a un empleo puedan reprogramar sus entrevistas laborales, cuando exista una causa justificada.<\/p>\n\n\n\n<p>Al presentar las propuestas en tribuna, la legisladora perredista especific\u00f3 que se busca modificar Ley Federal del Trabajo, la Ley Federal de los Trabajadores al Servicio del Estado, y la Ley del Servicio Civil de Nuevo Le\u00f3n para fortalecer el acceso equitativo a un trabajo digno y erradicar pr\u00e1cticas discriminatorias en los procesos de contrataci\u00f3n.<\/p>\n\n\n\n<p>\u201cEl acceso al empleo debe iniciar desde procesos de selecci\u00f3n sensibles y razonables, y no convertirse en una barrera por cuestiones administrativas o por falta de empat\u00eda hacia las circunstancias personales de los aspirantes\u201d, apunt\u00f3.<\/p>\n\n\n\n<p>\u201cLa vida no siempre cabe en una agenda. Una entrevista laboral puede representar la oportunidad para acceder dignamente a un empleo; por eso, negar su reprogramaci\u00f3n por causas justificadas es una forma de exclusi\u00f3n silenciosa que debemos erradicar\u201d, enfatiz\u00f3 la legisladora.<\/p>\n\n\n\n<p>Las iniciativas presentadas que buscan modificar los art\u00edculos 132 de la Ley Federal del Trabajo, el 36 de la Ley del Servicio Civil, el 43 de la Ley Federal de los Trabajadores al Servicio del Estado, plantean que los empleadores, tanto del sector p\u00fablico como del privado, est\u00e9n obligados a ofrecer un aplazamiento de la entrevista laboral previamente asignada cuando el aspirante acredite causas justificadas que le impidan asistir.<\/p>\n\n\n\n<p>\u201cNo se trata de garantizar un empleo, sino de garantizar la oportunidad justa de ser escuchado y considerado\u201d, a\u00f1adi\u00f3 Villarreal Valdez.<\/p>\n\n\n\n<p>Asimismo, record\u00f3 que la Organizaci\u00f3n Internacional del Trabajo (OIT) establece que los procedimientos de contrataci\u00f3n deben basarse en la justicia social y la equidad, y que la exclusi\u00f3n por motivos ajenos a la voluntad de la persona contradice estos principios.<\/p>\n","protected":false},"excerpt":{"rendered":"<p>La Coordinadora del Grupo Legislativo del PRD, Perla Villarreal Valdez, present\u00f3 cuatro iniciativas que proponen reformar diversas leyes laborales para que las personas candidatas a un empleo puedan reprogramar sus entrevistas laborales, cuando exista una causa justificada. Al presentar las propuestas en tribuna, la legisladora perredista especific\u00f3 que se busca modificar Ley Federal del Trabajo, [&hellip;]<\/p>\n","protected":false},"author":1,"featured_media":141433,"comment_status":"open","ping_status":"open","sticky":true,"template":"","format":"standard","meta":{"footnotes":""},"categories":[6],"tags":[],"_links":{"self":[{"href":"https:\/\/diariodigitalmx.com\/index.php\/wp-json\/wp\/v2\/posts\/141431"}],"collection":[{"href":"https:\/\/diariodigitalmx.com\/index.php\/wp-json\/wp\/v2\/posts"}],"about":[{"href":"https:\/\/diariodigitalmx.com\/index.php\/wp-json\/wp\/v2\/types\/post"}],"author":[{"embeddable":true,"href":"https:\/\/diariodigitalmx.com\/index.php\/wp-json\/wp\/v2\/users\/1"}],"replies":[{"embeddable":true,"href":"https:\/\/diariodigitalmx.com\/index.php\/wp-json\/wp\/v2\/comments?post=141431"}],"version-history":[{"count":1,"href":"https:\/\/diariodigitalmx.com\/index.php\/wp-json\/wp\/v2\/posts\/141431\/revisions"}],"predecessor-version":[{"id":141432,"href":"https:\/\/diariodigitalmx.com\/index.php\/wp-json\/wp\/v2\/posts\/141431\/revisions\/141432"}],"wp:featuredmedia":[{"embeddable":true,"href":"https:\/\/diariodigitalmx.com\/index.php\/wp-json\/wp\/v2\/media\/141433"}],"wp:attachment":[{"href":"https:\/\/diariodigitalmx.com\/index.php\/wp-json\/wp\/v2\/media?parent=141431"}],"wp:term":[{"taxonomy":"category","embeddable":true,"href":"https:\/\/diariodigitalmx.com\/index.php\/wp-json\/wp\/v2\/categories?post=141431"},{"taxonomy":"post_tag","embeddable":true,"href":"https:\/\/diariodigitalmx.com\/index.php\/wp-json\/wp\/v2\/tags?post=141431"}],"curies":[{"name":"wp","href":"https:\/\/api.w.org\/{rel}","templated":true}]}}