{"id":141444,"date":"2025-10-28T08:55:06","date_gmt":"2025-10-28T14:55:06","guid":{"rendered":"https:\/\/diariodigitalmx.com\/?p=141444"},"modified":"2025-10-28T08:58:05","modified_gmt":"2025-10-28T14:58:05","slug":"sembraran-arboles-en-sitio-de-protestas-y-festejos","status":"publish","type":"post","link":"https:\/\/diariodigitalmx.com\/index.php\/2025\/10\/28\/sembraran-arboles-en-sitio-de-protestas-y-festejos\/","title":{"rendered":"Sembrar\u00e1n \u00e1rboles en sitio de protestas y festejos"},"content":{"rendered":"\n<p>Monterrey . &#8211; La Explanada de Los H\u00e9roes, la plaza tradicional de las protestas y de los festejos, ser\u00e1 invadida por 64 \u00e1rboles de gran formato que sembrar\u00e1 el gobierno de Nuevo Le\u00f3n.<\/p>\n\n\n\n<p>El argumento del secretario estatal de Medio Ambiente, Ra\u00fal Lozano, la intervenci\u00f3n al \u00e1rea es\u00a0para darle una cara verde y contrarrestar su actual condici\u00f3n de &#8220;<strong>plancha de calor<\/strong>&#8220;.<\/p>\n\n\n\n<p>El proyecto es plantar&nbsp;<strong>32 sabinos y 32 \u00e9banos<\/strong>&nbsp;de gran formato a los costados de la plaza, con una inversi\u00f3n de&nbsp;<strong>3.4 millones de pesos.<\/strong><\/p>\n\n\n\n<p>Se trata de \u00e1rboles de entre 7.5 y 8 pulgadas, adem\u00e1s de la plantaci\u00f3n, el sistema de riego, alumbrado, herb\u00e1ceas, y flete.<\/p>\n\n\n\n<p>La obra deber\u00e1 estrenar lista desde su inicio en ocho semanas.<\/p>\n\n\n\n<p>Lozano inform\u00f3 que&nbsp;se respetar\u00e1n los monumentos que tiene y la vocaci\u00f3n de punto de reuni\u00f3n de la explanada y para justificar cit\u00f3 a&nbsp;manera de ejemplo las plazas de Par\u00eds, Barcelona y Se\u00fal.<\/p>\n\n\n\n<p>El dinero a invertir provendr\u00e1 de las aportaciones que empresas y particulares realizan para compensar el impacto de sus obras y actividades, y que no ingresan a la Tesorer\u00eda, y que, pasan directamente a las cuentas de la organizaci\u00f3n Reforestaci\u00f3n Extrema, que dirige el ambientalista Cosijoopii Montero.<\/p>\n\n\n\n<p>La Explanada de Los H\u00e9roes es una superficie ubicada frente al Palacio de Gobierno estatal de 19 mil metros cuadrados y puede albergar hasta 50 mil personas de pie.<\/p>\n\n\n\n<figure class=\"wp-block-image size-full\"><img loading=\"lazy\" decoding=\"async\" width=\"768\" height=\"432\" src=\"https:\/\/diariodigitalmx.com\/wp-content\/uploads\/2025\/10\/unnamed-1.webp\" alt=\"\" class=\"wp-image-141449\" srcset=\"https:\/\/diariodigitalmx.com\/wp-content\/uploads\/2025\/10\/unnamed-1.webp 768w, https:\/\/diariodigitalmx.com\/wp-content\/uploads\/2025\/10\/unnamed-1-300x169.webp 300w\" sizes=\"(max-width: 768px) 100vw, 768px\" \/><\/figure>\n\n\n\n<p>Forma parte de la Gran Plaza, de 400 mil metros cuadrados, 40 hect\u00e1reas, edificadas a principios de la d\u00e9cada de los 80 del siglo pasado en el gobierno de Alfonso Mart\u00ednez Dom\u00ednguez, que dio un nuevo rostro al decadente centro regiomontano.<\/p>\n\n\n\n<p>En su amplio espacio se ubican las estatuas de Benito Ju\u00e1rez, Jos\u00e9 Mar\u00eda Morelos, Miguel Hidalgo y Mariano Escobedo y ha sido escenario de m\u00edtines pol\u00edticos, enfrentamientos, ataques de los manifestantes al Palacio de Gobierno, eventos musicales y festejos deportivos.<\/p>\n","protected":false},"excerpt":{"rendered":"<p>Monterrey . &#8211; La Explanada de Los H\u00e9roes, la plaza tradicional de las protestas y de los festejos, ser\u00e1 invadida por 64 \u00e1rboles de gran formato que sembrar\u00e1 el gobierno de Nuevo Le\u00f3n. El argumento del secretario estatal de Medio Ambiente, Ra\u00fal Lozano, la intervenci\u00f3n al \u00e1rea es\u00a0para darle una cara verde y contrarrestar su [&hellip;]<\/p>\n","protected":false},"author":1,"featured_media":141446,"comment_status":"open","ping_status":"open","sticky":true,"template":"","format":"standard","meta":{"footnotes":""},"categories":[6,3,5],"tags":[],"_links":{"self":[{"href":"https:\/\/diariodigitalmx.com\/index.php\/wp-json\/wp\/v2\/posts\/141444"}],"collection":[{"href":"https:\/\/diariodigitalmx.com\/index.php\/wp-json\/wp\/v2\/posts"}],"about":[{"href":"https:\/\/diariodigitalmx.com\/index.php\/wp-json\/wp\/v2\/types\/post"}],"author":[{"embeddable":true,"href":"https:\/\/diariodigitalmx.com\/index.php\/wp-json\/wp\/v2\/users\/1"}],"replies":[{"embeddable":true,"href":"https:\/\/diariodigitalmx.com\/index.php\/wp-json\/wp\/v2\/comments?post=141444"}],"version-history":[{"count":3,"href":"https:\/\/diariodigitalmx.com\/index.php\/wp-json\/wp\/v2\/posts\/141444\/revisions"}],"predecessor-version":[{"id":141450,"href":"https:\/\/diariodigitalmx.com\/index.php\/wp-json\/wp\/v2\/posts\/141444\/revisions\/141450"}],"wp:featuredmedia":[{"embeddable":true,"href":"https:\/\/diariodigitalmx.com\/index.php\/wp-json\/wp\/v2\/media\/141446"}],"wp:attachment":[{"href":"https:\/\/diariodigitalmx.com\/index.php\/wp-json\/wp\/v2\/media?parent=141444"}],"wp:term":[{"taxonomy":"category","embeddable":true,"href":"https:\/\/diariodigitalmx.com\/index.php\/wp-json\/wp\/v2\/categories?post=141444"},{"taxonomy":"post_tag","embeddable":true,"href":"https:\/\/diariodigitalmx.com\/index.php\/wp-json\/wp\/v2\/tags?post=141444"}],"curies":[{"name":"wp","href":"https:\/\/api.w.org\/{rel}","templated":true}]}}