{"id":141456,"date":"2025-10-28T18:13:23","date_gmt":"2025-10-29T00:13:23","guid":{"rendered":"https:\/\/diariodigitalmx.com\/?p=141456"},"modified":"2025-10-28T18:42:49","modified_gmt":"2025-10-29T00:42:49","slug":"rinde-escobedo-homenaje-a-los-grandes-maestros-del-teatro-de-nuevo-leon","status":"publish","type":"post","link":"https:\/\/diariodigitalmx.com\/index.php\/2025\/10\/28\/rinde-escobedo-homenaje-a-los-grandes-maestros-del-teatro-de-nuevo-leon\/","title":{"rendered":"Rinde Escobedo homenaje a los grandes maestros del teatro de Nuevo Le\u00f3n"},"content":{"rendered":"\n<p>La Capital de la Transformaci\u00f3n rindi\u00f3 este martes un emotivo homenaje a los principales decanos del teatro nuevoleoneses durante una ceremonia celebrada en el Teatro Digital Fidel Vel\u00e1zquez, donde se destac\u00f3 su legado art\u00edstico y su invaluable aportaci\u00f3n a la cultura del norte.<\/p>\n\n\n\n<p>En un ambiente lleno de aplausos, el Alcalde Andr\u00e9s Mijes entreg\u00f3 distinciones a Hern\u00e1n Galindo, Javier Serna, Delia Garda y Luis Mart\u00edn, cuatro figuras que han hecho del teatro una fuerza transformadora.<\/p>\n\n\n\n<figure class=\"wp-block-image size-large\"><img loading=\"lazy\" decoding=\"async\" width=\"1024\" height=\"681\" src=\"https:\/\/diariodigitalmx.com\/wp-content\/uploads\/2025\/10\/4902472463220935565-1024x681.jpg\" alt=\"\" class=\"wp-image-141461\" srcset=\"https:\/\/diariodigitalmx.com\/wp-content\/uploads\/2025\/10\/4902472463220935565-1024x681.jpg 1024w, https:\/\/diariodigitalmx.com\/wp-content\/uploads\/2025\/10\/4902472463220935565-300x199.jpg 300w, https:\/\/diariodigitalmx.com\/wp-content\/uploads\/2025\/10\/4902472463220935565-768x511.jpg 768w, https:\/\/diariodigitalmx.com\/wp-content\/uploads\/2025\/10\/4902472463220935565.jpg 1280w\" sizes=\"(max-width: 1024px) 100vw, 1024px\" \/><\/figure>\n\n\n\n<p>En su mensaje, Mijes subray\u00f3 que en la 4T Norte\u00f1a la cultura florece cuando la econom\u00eda crece con justicia, recordando que el arte es motor de cohesi\u00f3n social y desarrollo humano.<\/p>\n\n\n\n<p>\u201cCuando el desarrollo es real, la cultura deja de ser adorno y se convierte en cimiento, en identidad compartida entre municipios, en energ\u00eda creativa que une al Estado\u201d.<\/p>\n\n\n\n<figure class=\"wp-block-image size-large\"><img loading=\"lazy\" decoding=\"async\" width=\"1024\" height=\"979\" src=\"https:\/\/diariodigitalmx.com\/wp-content\/uploads\/2025\/10\/Q9A9811-3-1024x979.jpg\" alt=\"\" class=\"wp-image-141462\" srcset=\"https:\/\/diariodigitalmx.com\/wp-content\/uploads\/2025\/10\/Q9A9811-3-1024x979.jpg 1024w, https:\/\/diariodigitalmx.com\/wp-content\/uploads\/2025\/10\/Q9A9811-3-300x287.jpg 300w, https:\/\/diariodigitalmx.com\/wp-content\/uploads\/2025\/10\/Q9A9811-3-768x734.jpg 768w, https:\/\/diariodigitalmx.com\/wp-content\/uploads\/2025\/10\/Q9A9811-3-1536x1468.jpg 1536w, https:\/\/diariodigitalmx.com\/wp-content\/uploads\/2025\/10\/Q9A9811-3-2048x1957.jpg 2048w\" sizes=\"(max-width: 1024px) 100vw, 1024px\" \/><\/figure>\n\n\n\n<p>\u201cEl teatro, la m\u00fasica, la literatura y las artes son parte del mismo impulso que hoy est\u00e1 transformando a Nuevo Le\u00f3n desde sus ciudades, desde sus colonias y desde su gente\u201d, expres\u00f3.<\/p>\n\n\n\n<p>A\u00f1adi\u00f3 que con la 4T Norte\u00f1a en Escobedo la econom\u00eda y cultura van de la mano, donde el teatro, la m\u00fasica, la literatura y las artes son parte del mismo impulso que hoy est\u00e1 transformando a Nuevo Le\u00f3n desde sus ciudades, desde sus colonias y desde su gente.<\/p>\n\n\n\n<figure class=\"wp-block-image size-large\"><img loading=\"lazy\" decoding=\"async\" width=\"1024\" height=\"992\" src=\"https:\/\/diariodigitalmx.com\/wp-content\/uploads\/2025\/10\/Q9A9828-1-1024x992.jpg\" alt=\"\" class=\"wp-image-141464\" srcset=\"https:\/\/diariodigitalmx.com\/wp-content\/uploads\/2025\/10\/Q9A9828-1-1024x992.jpg 1024w, https:\/\/diariodigitalmx.com\/wp-content\/uploads\/2025\/10\/Q9A9828-1-300x291.jpg 300w, https:\/\/diariodigitalmx.com\/wp-content\/uploads\/2025\/10\/Q9A9828-1-768x744.jpg 768w, https:\/\/diariodigitalmx.com\/wp-content\/uploads\/2025\/10\/Q9A9828-1-1536x1488.jpg 1536w, https:\/\/diariodigitalmx.com\/wp-content\/uploads\/2025\/10\/Q9A9828-1-2048x1984.jpg 2048w\" sizes=\"(max-width: 1024px) 100vw, 1024px\" \/><\/figure>\n\n\n\n<p>El Edil destac\u00f3 que el tributo a estos artistas es tambi\u00e9n un reconocimiento a su papel como transformadores norte\u00f1os, creadores cuya trayectoria ha dado nueva vida a la escena cultural del Estado y ha inspirado a nuevas generaciones de actores, dramaturgos y directores.<\/p>\n\n\n\n<p>Durante su mensaje, reiter\u00f3 que, en la Capital de la Transformaci\u00f3n, tal y como lo se\u00f1ala la Presidenta de M\u00e9xico, Claudia Sheinbaum Pardo, el crecimiento equitativo tambi\u00e9n se construye con cultura, inclusi\u00f3n y valores.<\/p>\n\n\n\n<figure class=\"wp-block-image size-large\"><img loading=\"lazy\" decoding=\"async\" width=\"1024\" height=\"683\" src=\"https:\/\/diariodigitalmx.com\/wp-content\/uploads\/2025\/10\/Q9A9801-1024x683.jpg\" alt=\"\" class=\"wp-image-141467\" srcset=\"https:\/\/diariodigitalmx.com\/wp-content\/uploads\/2025\/10\/Q9A9801-1024x683.jpg 1024w, https:\/\/diariodigitalmx.com\/wp-content\/uploads\/2025\/10\/Q9A9801-300x200.jpg 300w, https:\/\/diariodigitalmx.com\/wp-content\/uploads\/2025\/10\/Q9A9801-768x512.jpg 768w, https:\/\/diariodigitalmx.com\/wp-content\/uploads\/2025\/10\/Q9A9801-1536x1024.jpg 1536w, https:\/\/diariodigitalmx.com\/wp-content\/uploads\/2025\/10\/Q9A9801-2048x1365.jpg 2048w\" sizes=\"(max-width: 1024px) 100vw, 1024px\" \/><\/figure>\n\n\n\n<p>Mijes enfatiz\u00f3 que la visi\u00f3n de Escobedo es seguir fortaleciendo el v\u00ednculo entre la fuerza econ\u00f3mica y la fuerza creativa de la metr\u00f3poli, entendiendo que ambas son esenciales para un desarrollo integral.<\/p>\n\n\n\n<p>Con este reconocimiento se reitera el compromiso del Municipio de Escobedo con la promoci\u00f3n cultural y con el reconocimiento a quienes, desde el escenario, han convertido al teatro en un espejo de identidad y un s\u00edmbolo de orgullo para todo Nuevo Le\u00f3n.<\/p>\n","protected":false},"excerpt":{"rendered":"<p>La Capital de la Transformaci\u00f3n rindi\u00f3 este martes un emotivo homenaje a los principales decanos del teatro nuevoleoneses durante una ceremonia celebrada en el Teatro Digital Fidel Vel\u00e1zquez, donde se destac\u00f3 su legado art\u00edstico y su invaluable aportaci\u00f3n a la cultura del norte. En un ambiente lleno de aplausos, el Alcalde Andr\u00e9s Mijes entreg\u00f3 distinciones [&hellip;]<\/p>\n","protected":false},"author":1,"featured_media":141460,"comment_status":"open","ping_status":"open","sticky":true,"template":"","format":"standard","meta":{"footnotes":""},"categories":[11,5],"tags":[],"_links":{"self":[{"href":"https:\/\/diariodigitalmx.com\/index.php\/wp-json\/wp\/v2\/posts\/141456"}],"collection":[{"href":"https:\/\/diariodigitalmx.com\/index.php\/wp-json\/wp\/v2\/posts"}],"about":[{"href":"https:\/\/diariodigitalmx.com\/index.php\/wp-json\/wp\/v2\/types\/post"}],"author":[{"embeddable":true,"href":"https:\/\/diariodigitalmx.com\/index.php\/wp-json\/wp\/v2\/users\/1"}],"replies":[{"embeddable":true,"href":"https:\/\/diariodigitalmx.com\/index.php\/wp-json\/wp\/v2\/comments?post=141456"}],"version-history":[{"count":3,"href":"https:\/\/diariodigitalmx.com\/index.php\/wp-json\/wp\/v2\/posts\/141456\/revisions"}],"predecessor-version":[{"id":141468,"href":"https:\/\/diariodigitalmx.com\/index.php\/wp-json\/wp\/v2\/posts\/141456\/revisions\/141468"}],"wp:featuredmedia":[{"embeddable":true,"href":"https:\/\/diariodigitalmx.com\/index.php\/wp-json\/wp\/v2\/media\/141460"}],"wp:attachment":[{"href":"https:\/\/diariodigitalmx.com\/index.php\/wp-json\/wp\/v2\/media?parent=141456"}],"wp:term":[{"taxonomy":"category","embeddable":true,"href":"https:\/\/diariodigitalmx.com\/index.php\/wp-json\/wp\/v2\/categories?post=141456"},{"taxonomy":"post_tag","embeddable":true,"href":"https:\/\/diariodigitalmx.com\/index.php\/wp-json\/wp\/v2\/tags?post=141456"}],"curies":[{"name":"wp","href":"https:\/\/api.w.org\/{rel}","templated":true}]}}