{"id":141477,"date":"2025-10-28T22:43:01","date_gmt":"2025-10-29T04:43:01","guid":{"rendered":"https:\/\/diariodigitalmx.com\/?p=141477"},"modified":"2025-10-28T23:06:49","modified_gmt":"2025-10-29T05:06:49","slug":"anuncia-monterrey-ampliacion-de-la-regio-ruta","status":"publish","type":"post","link":"https:\/\/diariodigitalmx.com\/index.php\/2025\/10\/28\/anuncia-monterrey-ampliacion-de-la-regio-ruta\/","title":{"rendered":"Anuncia Monterrey ampliaci\u00f3n de la Regio Ruta"},"content":{"rendered":"\n<p><\/p>\n\n\n\n<p>\u00b7&nbsp;&nbsp;&nbsp;&nbsp;&nbsp;&nbsp;&nbsp;&nbsp;&nbsp;<em>Habr\u00e1 dos nuevos recorridos y se extender\u00e1n tres de los cinco ya existentes. El servicio se mantiene gratuito<\/em><\/p>\n\n\n\n<p>Con dos nuevos circuitos y la ampliaci\u00f3n de los ya existentes, el Gobierno de Monterrey anunci\u00f3 la extensi\u00f3n en 56.4 kil\u00f3metros de la Regio Ruta, el servicio de transporte urbano municipal gratuito.<\/p>\n\n\n\n<p>\u201cEsto se hace con la finalidad de ser m\u00e1s eficientes cada vez en el traslado de las personas, que haya mejor movilidad en la ciudad de Monterrey\u201d, afirm\u00f3 en rueda de prensa el alcalde Adri\u00e1n de la Garza.<\/p>\n\n\n\n<p>Detall\u00f3 que se incorporan los recorridos F y G. El F, denominado Macroplaza-Sierra Ventana-San \u00c1ngel, tendr\u00e1 un trayecto total de 20.1 con destinos como el Tec, Alfonso Reyes, Parque Canoas y avenida San \u00c1ngel; y el G: Cedros-Hospital Universitario-Obispado, recorrer\u00e1 17.6 kil\u00f3metros y pasar\u00e1 por la Universidad Valle de M\u00e9xico, la Facultad de Medicina, y el Metro Hospital.<\/p>\n\n\n\n<figure class=\"wp-block-image size-large\"><img loading=\"lazy\" decoding=\"async\" width=\"1024\" height=\"682\" src=\"https:\/\/diariodigitalmx.com\/wp-content\/uploads\/2025\/10\/AMPLIACION-REGIO-RUTA-2-1024x682.jpg\" alt=\"\" class=\"wp-image-141484\" srcset=\"https:\/\/diariodigitalmx.com\/wp-content\/uploads\/2025\/10\/AMPLIACION-REGIO-RUTA-2-1024x682.jpg 1024w, https:\/\/diariodigitalmx.com\/wp-content\/uploads\/2025\/10\/AMPLIACION-REGIO-RUTA-2-300x200.jpg 300w, https:\/\/diariodigitalmx.com\/wp-content\/uploads\/2025\/10\/AMPLIACION-REGIO-RUTA-2-768x512.jpg 768w, https:\/\/diariodigitalmx.com\/wp-content\/uploads\/2025\/10\/AMPLIACION-REGIO-RUTA-2.jpg 1280w\" sizes=\"(max-width: 1024px) 100vw, 1024px\" \/><\/figure>\n\n\n\n<p>Adem\u00e1s, los circuitos A, B, C y E, tendr\u00e1n mayor cobertura en sus respectivas rutas.<\/p>\n\n\n\n<p>Macroplaza-Mederos-La Rioja o circuito A, aumenta 3.2 kil\u00f3metros para acceder al Campus Mederos de la Universidad Aut\u00f3noma de Nuevo Le\u00f3n.<\/p>\n\n\n\n<p>El B: Alianza-Talleres-Valle Verde, suma 4.5 kil\u00f3metros m\u00e1s ya que llegar\u00e1 al Metro Talleres, al Hospital de Cardiolog\u00eda no. 34 del IMSS y a la calle Drosera en la zona norte.<\/p>\n\n\n\n<p>Al recorrido C: Fomerrey 35-San Bernab\u00e9-Tierra y Libertad se agregan 3.3 kil\u00f3metros para llegar a la Universidad Emiliano Zapata.<\/p>\n\n\n\n<p>Finalmente, el circuito E, Macroplaza-F\u00e9lix U. G\u00f3mez-Moderna, se extiende en 7.7 kil\u00f3metros para pasar por el Metro Zaragoza, Mercado Ju\u00e1rez, Mes\u00f3n Estrella y el Parque del Chorro en el centro de la ciudad.<\/p>\n\n\n\n<p>El Edil explic\u00f3 que la extensi\u00f3n de este servicio obedece a la solicitud de los regiomontanos y a estudios puntuales que contin\u00faan realizando la Direcci\u00f3n T\u00e9cnica de la Secretar\u00eda de Desarrollo Urbano Sostenible.<\/p>\n\n\n\n<p>\u201cEstamos trasladando a m\u00e1s personas con menor costo y al final es un costo obviamente que va a captar el municipio de Monterrey porque al final de cuentas es totalmente gratuito y por supuesto, vamos a seguir con este servicio y analizamos constantemente si va a sufrir modificaciones o ampliaciones como estamos haciendo el d\u00eda de hoy\u201d, mencion\u00f3.<\/p>\n\n\n\n<p>En el anuncio de la ampliaci\u00f3n de la Regio Ruta, se dio a conocer que, en los tres meses de operaciones hasta el domingo pasado, se hab\u00edan efectuado 732 mil 729 traslados, teniendo un promedio semanal de 90 mil usuarios en los cinco circuitos.<\/p>\n\n\n\n<p>El alcalde tambi\u00e9n se refiri\u00f3 a los comentarios positivos que el servicio recibe de los usuarios.<\/p>\n\n\n\n<p>\u201cEs&nbsp;un apoyo a la econom\u00eda familiar de Monterrey, adem\u00e1s, es una forma de trasladar a m\u00e1s gente con menos veh\u00edculos, es decir ayuda, es un apoyo para la movilidad de la ciudad, es un apoyo tambi\u00e9n en la calidad de vida porque nos ha permitido que la gente pase menos tiempo en el transporte p\u00fablico\u201d.<\/p>\n","protected":false},"excerpt":{"rendered":"<p>\u00b7&nbsp;&nbsp;&nbsp;&nbsp;&nbsp;&nbsp;&nbsp;&nbsp;&nbsp;Habr\u00e1 dos nuevos recorridos y se extender\u00e1n tres de los cinco ya existentes. El servicio se mantiene gratuito Con dos nuevos circuitos y la ampliaci\u00f3n de los ya existentes, el Gobierno de Monterrey anunci\u00f3 la extensi\u00f3n en 56.4 kil\u00f3metros de la Regio Ruta, el servicio de transporte urbano municipal gratuito. \u201cEsto se hace con la [&hellip;]<\/p>\n","protected":false},"author":1,"featured_media":141483,"comment_status":"open","ping_status":"open","sticky":true,"template":"","format":"standard","meta":{"footnotes":""},"categories":[6],"tags":[],"_links":{"self":[{"href":"https:\/\/diariodigitalmx.com\/index.php\/wp-json\/wp\/v2\/posts\/141477"}],"collection":[{"href":"https:\/\/diariodigitalmx.com\/index.php\/wp-json\/wp\/v2\/posts"}],"about":[{"href":"https:\/\/diariodigitalmx.com\/index.php\/wp-json\/wp\/v2\/types\/post"}],"author":[{"embeddable":true,"href":"https:\/\/diariodigitalmx.com\/index.php\/wp-json\/wp\/v2\/users\/1"}],"replies":[{"embeddable":true,"href":"https:\/\/diariodigitalmx.com\/index.php\/wp-json\/wp\/v2\/comments?post=141477"}],"version-history":[{"count":2,"href":"https:\/\/diariodigitalmx.com\/index.php\/wp-json\/wp\/v2\/posts\/141477\/revisions"}],"predecessor-version":[{"id":141485,"href":"https:\/\/diariodigitalmx.com\/index.php\/wp-json\/wp\/v2\/posts\/141477\/revisions\/141485"}],"wp:featuredmedia":[{"embeddable":true,"href":"https:\/\/diariodigitalmx.com\/index.php\/wp-json\/wp\/v2\/media\/141483"}],"wp:attachment":[{"href":"https:\/\/diariodigitalmx.com\/index.php\/wp-json\/wp\/v2\/media?parent=141477"}],"wp:term":[{"taxonomy":"category","embeddable":true,"href":"https:\/\/diariodigitalmx.com\/index.php\/wp-json\/wp\/v2\/categories?post=141477"},{"taxonomy":"post_tag","embeddable":true,"href":"https:\/\/diariodigitalmx.com\/index.php\/wp-json\/wp\/v2\/tags?post=141477"}],"curies":[{"name":"wp","href":"https:\/\/api.w.org\/{rel}","templated":true}]}}