{"id":141486,"date":"2025-10-28T23:26:11","date_gmt":"2025-10-29T05:26:11","guid":{"rendered":"https:\/\/diariodigitalmx.com\/?p=141486"},"modified":"2025-10-28T23:29:41","modified_gmt":"2025-10-29T05:29:41","slug":"cancela-eu-trece-rutas-de-aerolineas-mexicanas-desde-el-aifa","status":"publish","type":"post","link":"https:\/\/diariodigitalmx.com\/index.php\/2025\/10\/28\/cancela-eu-trece-rutas-de-aerolineas-mexicanas-desde-el-aifa\/","title":{"rendered":"Cancela EU trece rutas de aerol\u00edneas mexicanas desde el AIFA"},"content":{"rendered":"\n<p>El Departamento de Transporte de Estados Unido revoc\u00f3 la aprobaci\u00f3n de 13 rutas de aerol\u00edneas mexicanas hacia Estados Unidos desde el Aeropuerto Internacional Felipe \u00c1ngeles (AIFA)<\/p>\n\n\n\n<p>El secretario de Transporte de EU, Sean Duffy, inform\u00f3 que la decisi\u00f3n entra en vigor de inmediato y afecta tanto servicios activos como proyectados. Adem\u00e1s, el gobierno estadounidense detuvo la expansi\u00f3n de vuelos combinados de pasajeros y carga \u2014conocidos como &#8220;belly cargo&#8221;\u2014 que parten del&nbsp;<strong><a href=\"https:\/\/lasillarota.com\/negocios\/2025\/8\/12\/bajo-mantenimiento-afecta-al-aicm-especialista-aeronautico-550031.html\" target=\"_blank\" rel=\"noreferrer noopener\">Aeropuerto Internacional Benito Ju\u00e1rez (AICM)<\/a><\/strong><\/p>\n\n\n\n<p>Duffy acus\u00f3 a M\u00e9xico que, dijo, \u201ccancel\u00f3 y congel\u00f3 ilegalmente vuelos de transportistas estadounidenses durante tres a\u00f1os sin consecuencias\u201d<\/p>\n\n\n\n<p>De acuerdo al Departamento de Transporte,&nbsp;<strong>el incumplimiento continuado de M\u00e9xico<\/strong>&nbsp;puede afectar a los planes de viaje de los ciudadanos estadounidenses.<\/p>\n\n\n\n<p><strong>D<\/strong>esde que se construy\u00f3 el AIFA, el gobierno del expresidente&nbsp;Andr\u00e9s Manuel L\u00f3pez Obrador demand\u00f3 que se hiciera funcional el proyecto a\u00e9reo, con lo cual se orden\u00f3 cerrar slots en el Aeropuerto Internacional de la Ciudad de M\u00e9xico, para que las aerol\u00edneas migar\u00e1n al Felipe \u00c1ngeles.<\/p>\n\n\n\n<p>El 2 de febrero de 2023, el&nbsp;presidente L\u00f3pez Obrador promulg\u00f3 un decreto que oblig\u00f3 a las aerol\u00edneas de carga a reubicar sus operaciones del AICM al&nbsp;Aeropuerto Internacional Felipe \u00c1ngeles (AIFA)&nbsp;debido a la saturaci\u00f3n del primer aeropuerto.<\/p>\n\n\n\n<p>Esa situaci\u00f3n ocasion\u00f3 quejas constantes en Washington de las aerol\u00edneas de Estados Unidos, principalmente la&nbsp;carguera UPS, quienes se inconformaron de que se les mand\u00f3 al AIFA.<\/p>\n","protected":false},"excerpt":{"rendered":"<p>El Departamento de Transporte de Estados Unido revoc\u00f3 la aprobaci\u00f3n de 13 rutas de aerol\u00edneas mexicanas hacia Estados Unidos desde el Aeropuerto Internacional Felipe \u00c1ngeles (AIFA) El secretario de Transporte de EU, Sean Duffy, inform\u00f3 que la decisi\u00f3n entra en vigor de inmediato y afecta tanto servicios activos como proyectados. Adem\u00e1s, el gobierno estadounidense detuvo [&hellip;]<\/p>\n","protected":false},"author":1,"featured_media":141488,"comment_status":"open","ping_status":"open","sticky":true,"template":"","format":"standard","meta":{"footnotes":""},"categories":[4,3,5],"tags":[],"_links":{"self":[{"href":"https:\/\/diariodigitalmx.com\/index.php\/wp-json\/wp\/v2\/posts\/141486"}],"collection":[{"href":"https:\/\/diariodigitalmx.com\/index.php\/wp-json\/wp\/v2\/posts"}],"about":[{"href":"https:\/\/diariodigitalmx.com\/index.php\/wp-json\/wp\/v2\/types\/post"}],"author":[{"embeddable":true,"href":"https:\/\/diariodigitalmx.com\/index.php\/wp-json\/wp\/v2\/users\/1"}],"replies":[{"embeddable":true,"href":"https:\/\/diariodigitalmx.com\/index.php\/wp-json\/wp\/v2\/comments?post=141486"}],"version-history":[{"count":1,"href":"https:\/\/diariodigitalmx.com\/index.php\/wp-json\/wp\/v2\/posts\/141486\/revisions"}],"predecessor-version":[{"id":141487,"href":"https:\/\/diariodigitalmx.com\/index.php\/wp-json\/wp\/v2\/posts\/141486\/revisions\/141487"}],"wp:featuredmedia":[{"embeddable":true,"href":"https:\/\/diariodigitalmx.com\/index.php\/wp-json\/wp\/v2\/media\/141488"}],"wp:attachment":[{"href":"https:\/\/diariodigitalmx.com\/index.php\/wp-json\/wp\/v2\/media?parent=141486"}],"wp:term":[{"taxonomy":"category","embeddable":true,"href":"https:\/\/diariodigitalmx.com\/index.php\/wp-json\/wp\/v2\/categories?post=141486"},{"taxonomy":"post_tag","embeddable":true,"href":"https:\/\/diariodigitalmx.com\/index.php\/wp-json\/wp\/v2\/tags?post=141486"}],"curies":[{"name":"wp","href":"https:\/\/api.w.org\/{rel}","templated":true}]}}