{"id":141582,"date":"2025-10-30T23:23:27","date_gmt":"2025-10-31T05:23:27","guid":{"rendered":"https:\/\/diariodigitalmx.com\/?p=141582"},"modified":"2025-10-30T23:32:56","modified_gmt":"2025-10-31T05:32:56","slug":"vive-escobedo-noche-de-fe-y-cultura-con-valentina-alazraki","status":"publish","type":"post","link":"https:\/\/diariodigitalmx.com\/index.php\/2025\/10\/30\/vive-escobedo-noche-de-fe-y-cultura-con-valentina-alazraki\/","title":{"rendered":"Vive Escobedo noche de fe y cultura con Valentina Alazraki"},"content":{"rendered":"\n\n\n<p>La Capital de la Transformaci\u00f3n vivi\u00f3 una noche \u00fanica al recibir a la reconocida periodista Valentina Alazraki, quien comparti\u00f3 con el p\u00fablico su experiencia y vivencias de casi medio siglo como corresponsal en El Vaticano.<\/p>\n\n\n\n<p>Este jueves, el Teatro Digital Fidel Vel\u00e1zquez fue el escenario donde Alazraki present\u00f3 su conferencia \u201cMi vida con 6 Papas en el Vaticano\u201d, un relato entra\u00f1able sobre sus 50 a\u00f1os de trabajo period\u00edstico cubriendo la vida de seis pont\u00edfices y el impacto de sus mensajes en la comunidad internacional.<\/p>\n\n\n\n<figure class=\"wp-block-image size-large\"><img loading=\"lazy\" decoding=\"async\" width=\"1024\" height=\"683\" src=\"https:\/\/diariodigitalmx.com\/wp-content\/uploads\/2025\/10\/Q9A4506-1024x683.jpg\" alt=\"\" class=\"wp-image-141586\" srcset=\"https:\/\/diariodigitalmx.com\/wp-content\/uploads\/2025\/10\/Q9A4506-1024x683.jpg 1024w, https:\/\/diariodigitalmx.com\/wp-content\/uploads\/2025\/10\/Q9A4506-300x200.jpg 300w, https:\/\/diariodigitalmx.com\/wp-content\/uploads\/2025\/10\/Q9A4506-768x512.jpg 768w, https:\/\/diariodigitalmx.com\/wp-content\/uploads\/2025\/10\/Q9A4506-1536x1024.jpg 1536w, https:\/\/diariodigitalmx.com\/wp-content\/uploads\/2025\/10\/Q9A4506-2048x1365.jpg 2048w\" sizes=\"(max-width: 1024px) 100vw, 1024px\" \/><\/figure>\n\n\n\n<p>El Alcalde Andr\u00e9s Mijes encabez\u00f3 el evento y destac\u00f3 la importancia de seguir promoviendo la cultura en Escobedo como parte del desarrollo integral que impulsa la 4T Norte\u00f1a.<\/p>\n\n\n\n<p>\u201cEn el marco de nuestra agenda cultural y humanista, abrimos este espacio para escuchar experiencias que elevan, que ense\u00f1an, que nos recuerdan que la fe y la raz\u00f3n no est\u00e1n peleadas, que la \u00e9tica de la solidaridad y el potente desarrollo econ\u00f3mico pueden y deben caminar de la mano\u201d, expres\u00f3 el Edil.<\/p>\n\n\n\n<p>Mijes se\u00f1al\u00f3 adem\u00e1s que, en tiempos donde la informaci\u00f3n viaja a gran velocidad, lo verdaderamente valioso contin\u00faa siendo lo mismo que hace medio siglo, la credibilidad, la constancia y la \u00e9tica.<\/p>\n\n\n\n<p>Dijo que esas virtudes no solo definen la trayectoria de Valentina Alazraki, sino tambi\u00e9n a la sociedad que Escobedo busca seguir construyendo una comunidad que valora la palabra, el respeto y el di\u00e1logo como pilares de convivencia.<\/p>\n\n\n\n<figure class=\"wp-block-image size-large\"><img loading=\"lazy\" decoding=\"async\" width=\"1024\" height=\"682\" src=\"https:\/\/diariodigitalmx.com\/wp-content\/uploads\/2025\/10\/4909212821686520758-1024x682.jpg\" alt=\"\" class=\"wp-image-141588\" srcset=\"https:\/\/diariodigitalmx.com\/wp-content\/uploads\/2025\/10\/4909212821686520758-1024x682.jpg 1024w, https:\/\/diariodigitalmx.com\/wp-content\/uploads\/2025\/10\/4909212821686520758-300x200.jpg 300w, https:\/\/diariodigitalmx.com\/wp-content\/uploads\/2025\/10\/4909212821686520758-768x512.jpg 768w, https:\/\/diariodigitalmx.com\/wp-content\/uploads\/2025\/10\/4909212821686520758.jpg 1280w\" sizes=\"(max-width: 1024px) 100vw, 1024px\" \/><\/figure>\n\n\n\n<p>Durante su intervenci\u00f3n, Alazraki comparti\u00f3 que ser corresponsal la ha llevado a vivir de cerca seis pontificados, desde Pablo VI hasta el actual Papa Le\u00f3n XIV, convirti\u00e9ndose en una de las voces m\u00e1s reconocidas del periodismo religioso no solo a nivel local sino internacional.<\/p>\n\n\n\n<p>Tambi\u00e9n destac\u00f3 c\u00f3mo ha sido narrar al mundo los mensajes de Pablo VI, Juan Pablo I, Juan Pablo II, Benedicto XVI, Francisco y Le\u00f3n XIV, figuras que marcaron distintas etapas de la historia reciente del Vaticano.<\/p>\n\n\n\n<p>La periodista record\u00f3 con especial emoci\u00f3n su cercan\u00eda con San Juan Pablo II, a quien acompa\u00f1\u00f3 en incontables viajes y coberturas. Revel\u00f3 que la conexi\u00f3n fue tan profunda que incluso su hija lleva el nombre Carolina, en honor a Karol Wojty\u0142a, el Papa polaco.<\/p>\n\n\n\n<figure class=\"wp-block-image size-large\"><img loading=\"lazy\" decoding=\"async\" width=\"1024\" height=\"682\" src=\"https:\/\/diariodigitalmx.com\/wp-content\/uploads\/2025\/10\/4909212821686520762-1024x682.jpg\" alt=\"\" class=\"wp-image-141590\" srcset=\"https:\/\/diariodigitalmx.com\/wp-content\/uploads\/2025\/10\/4909212821686520762-1024x682.jpg 1024w, https:\/\/diariodigitalmx.com\/wp-content\/uploads\/2025\/10\/4909212821686520762-300x200.jpg 300w, https:\/\/diariodigitalmx.com\/wp-content\/uploads\/2025\/10\/4909212821686520762-768x512.jpg 768w, https:\/\/diariodigitalmx.com\/wp-content\/uploads\/2025\/10\/4909212821686520762.jpg 1280w\" sizes=\"(max-width: 1024px) 100vw, 1024px\" \/><\/figure>\n\n\n\n<p>El evento reafirm\u00f3 el compromiso del Municipio de Escobedo con el impulso de actividades que fortalezcan la identidad cultural y espiritual de la comunidad.<\/p>\n\n\n\n<p>Con acciones como esta, Escobedo sigue sum\u00e1ndose al llamado de la Presidenta Claudia Sheinbaum Pardo, quien ha insistido en que la transformaci\u00f3n del pa\u00eds debe estar acompa\u00f1ada por una visi\u00f3n humanista, basada en la cultura, la educaci\u00f3n y la fe, pilares de una sociedad con sentido, identidad y valores.<\/p>\n","protected":false},"excerpt":{"rendered":"<p>La Capital de la Transformaci\u00f3n vivi\u00f3 una noche \u00fanica al recibir a la reconocida periodista Valentina Alazraki, quien comparti\u00f3 con el p\u00fablico su experiencia y vivencias de casi medio siglo como corresponsal en El Vaticano. Este jueves, el Teatro Digital Fidel Vel\u00e1zquez fue el escenario donde Alazraki present\u00f3 su conferencia \u201cMi vida con 6 Papas [&hellip;]<\/p>\n","protected":false},"author":1,"featured_media":141584,"comment_status":"open","ping_status":"open","sticky":true,"template":"","format":"standard","meta":{"footnotes":""},"categories":[6],"tags":[],"_links":{"self":[{"href":"https:\/\/diariodigitalmx.com\/index.php\/wp-json\/wp\/v2\/posts\/141582"}],"collection":[{"href":"https:\/\/diariodigitalmx.com\/index.php\/wp-json\/wp\/v2\/posts"}],"about":[{"href":"https:\/\/diariodigitalmx.com\/index.php\/wp-json\/wp\/v2\/types\/post"}],"author":[{"embeddable":true,"href":"https:\/\/diariodigitalmx.com\/index.php\/wp-json\/wp\/v2\/users\/1"}],"replies":[{"embeddable":true,"href":"https:\/\/diariodigitalmx.com\/index.php\/wp-json\/wp\/v2\/comments?post=141582"}],"version-history":[{"count":3,"href":"https:\/\/diariodigitalmx.com\/index.php\/wp-json\/wp\/v2\/posts\/141582\/revisions"}],"predecessor-version":[{"id":141591,"href":"https:\/\/diariodigitalmx.com\/index.php\/wp-json\/wp\/v2\/posts\/141582\/revisions\/141591"}],"wp:featuredmedia":[{"embeddable":true,"href":"https:\/\/diariodigitalmx.com\/index.php\/wp-json\/wp\/v2\/media\/141584"}],"wp:attachment":[{"href":"https:\/\/diariodigitalmx.com\/index.php\/wp-json\/wp\/v2\/media?parent=141582"}],"wp:term":[{"taxonomy":"category","embeddable":true,"href":"https:\/\/diariodigitalmx.com\/index.php\/wp-json\/wp\/v2\/categories?post=141582"},{"taxonomy":"post_tag","embeddable":true,"href":"https:\/\/diariodigitalmx.com\/index.php\/wp-json\/wp\/v2\/tags?post=141582"}],"curies":[{"name":"wp","href":"https:\/\/api.w.org\/{rel}","templated":true}]}}