{"id":1416,"date":"2019-03-21T17:38:28","date_gmt":"2019-03-21T23:38:28","guid":{"rendered":"http:\/\/diariodigitalmx.com\/?p=1416"},"modified":"2019-03-21T17:38:29","modified_gmt":"2019-03-21T23:38:29","slug":"televisa-deportes-despedira-a-cuatro-comentaristas-historicos-de-la-empresa","status":"publish","type":"post","link":"https:\/\/diariodigitalmx.com\/index.php\/2019\/03\/21\/televisa-deportes-despedira-a-cuatro-comentaristas-historicos-de-la-empresa\/","title":{"rendered":"Televisa Deportes despedir\u00e1 a cuatro comentaristas hist\u00f3ricos de la empresa"},"content":{"rendered":"\n<p>Contin\u00faan los recortes y los cambios radicales en la televisora mexicana a ra\u00edz de su uni\u00f3n contractual con Univisi\u00f3n<\/p>\n\n\n\n<div class=\"wp-block-image\"><figure class=\"aligncenter\"><img loading=\"lazy\" decoding=\"async\" width=\"400\" height=\"400\" src=\"http:\/\/diariodigitalmx.com\/wp-content\/uploads\/2019\/03\/thumbnail_Raul.jpg\" alt=\"\" class=\"wp-image-1418\" srcset=\"https:\/\/diariodigitalmx.com\/wp-content\/uploads\/2019\/03\/thumbnail_Raul.jpg 400w, https:\/\/diariodigitalmx.com\/wp-content\/uploads\/2019\/03\/thumbnail_Raul-150x150.jpg 150w, https:\/\/diariodigitalmx.com\/wp-content\/uploads\/2019\/03\/thumbnail_Raul-300x300.jpg 300w\" sizes=\"(max-width: 400px) 100vw, 400px\" \/><\/figure><\/div>\n\n\n\n<p>Los cambios radicales se siguen presentando en las principales&nbsp;<strong>televisoras de M\u00e9xico<\/strong>&nbsp;y todo parece indicar que cuatro narradores hist\u00f3ricos de&nbsp;<a href=\"https:\/\/laopinion.com\/tema\/televisa\/\" target=\"_blank\" rel=\"noreferrer noopener\">Televisa Deportes<\/a>&nbsp;ser\u00e1n los pr\u00f3ximos en decirle adi\u00f3s a la empresa.<\/p>\n\n\n\n<p>De acuerdo con informaci\u00f3n de El Universal, se trata de los comentaristas&nbsp;<strong>Juan Dosal, Ra\u00fal P\u00e9rez y Ra\u00fal Sarmiento<\/strong>, quienes por d\u00e9cadas le han dado un trato especial y emotivo a sus narraciones tanto en el&nbsp;<a href=\"https:\/\/laopinion.com\/tema\/liga-mx\/\" target=\"_blank\" rel=\"noreferrer noopener\">f\u00fatbol mexicano<\/a>&nbsp;como en el plano internacional, incluidas una infinita cantidad de&nbsp;<strong>Copas del Mundo<\/strong>, la m\u00e1s reciente incluso en&nbsp;<a href=\"https:\/\/laopinion.com\/tema\/rusia-2018\/\" target=\"_blank\" rel=\"noreferrer noopener\">Rusia 2018<\/a>.<\/p>\n\n\n\n<p>El otro comentarista que tambi\u00e9n dejar\u00eda Televisa Deportes es&nbsp;<strong>Pepe Segarra<\/strong>, quien desde hace varios a\u00f1os ha sido una voz privilegiada en las narraciones de partidos de la&nbsp;<a href=\"https:\/\/laopinion.com\/tema\/nfl\/\" target=\"_blank\" rel=\"noreferrer noopener\">NFL<\/a>&nbsp;y sus colaboraciones en los&nbsp;<strong>Super Bowls<\/strong>&nbsp;a lado de To\u00f1o de Vald\u00e9s y Enrique Burak han sido magistrales.<\/p>\n\n\n\n<p>La uni\u00f3n contractual entre&nbsp;<strong>Univisi\u00f3n y Televisa<\/strong>&nbsp;est\u00e1 causando estragos en varios de sus trabajadores, aunque hasta el momento no se sabe con ciencia cierta todos los cambios, pero son varios los rumores que apuntan a salidas de grandes comentaristas de Televisa Deportes.<\/p>\n","protected":false},"excerpt":{"rendered":"<p>Contin\u00faan los recortes y los cambios radicales en la televisora mexicana a ra\u00edz de su uni\u00f3n contractual con Univisi\u00f3n Los cambios radicales se siguen presentando en las principales&nbsp;televisoras de M\u00e9xico&nbsp;y todo parece indicar que cuatro narradores hist\u00f3ricos de&nbsp;Televisa Deportes&nbsp;ser\u00e1n los pr\u00f3ximos en decirle adi\u00f3s a la empresa. De acuerdo con informaci\u00f3n de El Universal, se [&hellip;]<\/p>\n","protected":false},"author":1,"featured_media":1417,"comment_status":"open","ping_status":"open","sticky":true,"template":"","format":"standard","meta":{"footnotes":""},"categories":[8],"tags":[],"_links":{"self":[{"href":"https:\/\/diariodigitalmx.com\/index.php\/wp-json\/wp\/v2\/posts\/1416"}],"collection":[{"href":"https:\/\/diariodigitalmx.com\/index.php\/wp-json\/wp\/v2\/posts"}],"about":[{"href":"https:\/\/diariodigitalmx.com\/index.php\/wp-json\/wp\/v2\/types\/post"}],"author":[{"embeddable":true,"href":"https:\/\/diariodigitalmx.com\/index.php\/wp-json\/wp\/v2\/users\/1"}],"replies":[{"embeddable":true,"href":"https:\/\/diariodigitalmx.com\/index.php\/wp-json\/wp\/v2\/comments?post=1416"}],"version-history":[{"count":1,"href":"https:\/\/diariodigitalmx.com\/index.php\/wp-json\/wp\/v2\/posts\/1416\/revisions"}],"predecessor-version":[{"id":1419,"href":"https:\/\/diariodigitalmx.com\/index.php\/wp-json\/wp\/v2\/posts\/1416\/revisions\/1419"}],"wp:featuredmedia":[{"embeddable":true,"href":"https:\/\/diariodigitalmx.com\/index.php\/wp-json\/wp\/v2\/media\/1417"}],"wp:attachment":[{"href":"https:\/\/diariodigitalmx.com\/index.php\/wp-json\/wp\/v2\/media?parent=1416"}],"wp:term":[{"taxonomy":"category","embeddable":true,"href":"https:\/\/diariodigitalmx.com\/index.php\/wp-json\/wp\/v2\/categories?post=1416"},{"taxonomy":"post_tag","embeddable":true,"href":"https:\/\/diariodigitalmx.com\/index.php\/wp-json\/wp\/v2\/tags?post=1416"}],"curies":[{"name":"wp","href":"https:\/\/api.w.org\/{rel}","templated":true}]}}