{"id":141727,"date":"2025-11-03T20:39:05","date_gmt":"2025-11-04T02:39:05","guid":{"rendered":"https:\/\/diariodigitalmx.com\/?p=141727"},"modified":"2025-11-03T20:39:53","modified_gmt":"2025-11-04T02:39:53","slug":"exigen-y-condicionan-alcaldes-panistas-pago-de-recursos","status":"publish","type":"post","link":"https:\/\/diariodigitalmx.com\/index.php\/2025\/11\/03\/exigen-y-condicionan-alcaldes-panistas-pago-de-recursos\/","title":{"rendered":"Exigen y condicionan alcaldes panistas pago de recursos"},"content":{"rendered":"\n<p>Al tiempo que exigieron el pago de recursos pendientes que les adeuda el Gobierno Estatal, Alcaldes panistas de los Municipios rurales condicionaron la aprobaci\u00f3n del presupuesto del pr\u00f3ximo a\u00f1o.<\/p>\n\n\n\n<p>Los mun\u00edcipes se reunieron con los Diputados Locales Ignacio Castellanos Amaya, Aile Tamez de la Paz, Jos\u00e9 Luis Santos Martinez, Cecilia Robledo Su\u00e1rez, Claudia Caballero Ch\u00e1vez, Mauro Guerra Villarreal, Miguel Lechuga, Itzel Castillo Almanza y el Coordinador Carlos de la Fuente Flores.<\/p>\n\n\n\n<p>Los Alcaldes que estuvieron en la reuni\u00f3n son: Rafael Gonz\u00e1lez de Higueras, Mario Res\u00e9ndiz de Bustamante, Lizeth Leal de Los Ramones, Janeth Leal de Los Aldama, Patricia Cant\u00fa&nbsp; de General Bravo, Daniel Gonz\u00e1lez de Sabinas Hidalgo, Ana Iza Oliveira de Paras, Maribel Hinojosa de Trevi\u00f1o y \u2060Aldo Castellanos de Agualeguas.<\/p>\n\n\n\n<p>En la reuni\u00f3n tambi\u00e9n estuvo la legisladora del PRI, Lorena de la Garza Venecia, Presidenta de la Comisi\u00f3n de Presupuesto del Poder Legislativo.<\/p>\n\n\n\n<p>Ignacio Castellanos explic\u00f3 el motivo de la reuni\u00f3n.<\/p>\n\n\n\n<p>&#8220;Tambi\u00e9n ven con preocupaci\u00f3n el hecho de que no se hayan entregado los fondos de desarrollo municipal que tienen una fecha regularmente de marzo para entregarse, que hasta ahorita no han recibido&#8221;, asegur\u00f3.<\/p>\n\n\n\n<p>&#8220;Entonces el fondo de disciplina que tambi\u00e9n es otro fondo con el cual se pagan psic\u00f3logos, se pagan trabajadoras sociales, se pagan una serie de cosas que sirven para los ni\u00f1as, ni\u00f1os, j\u00f3venes y adolescentes y una serie de cuestiones que est\u00e1n ocurriendo, lo mismo que ocurri\u00f3 en el 2024 y que bueno, pues est\u00e1n con cierta preocupaci\u00f3n viniendo a platicar hoy con los diputados para poder pedir que no vuelva a ocurrir lo mismo y que sean incluidos en esto&#8221;,&nbsp; a\u00f1adi\u00f3 Castellanos Amaya .<\/p>\n\n\n\n<p>Por su parte, Daniel Gonz\u00e1lez manifest\u00f3 que esperan el pago atrasado de los recursos por las diversas necesidades que tienen.<\/p>\n\n\n\n<p>&#8220;Estamos aqu\u00ed los Alcaldes rurales por algunos temas sumamente espec\u00edficos que ya mencion\u00f3 y lo voy a volver a comentar. El tema del fondo de desarrollo municipal es la manera en la cual podemos desarrollar obras de infraestructura para nuestras familias, para que puedan tener una mejor calidad de vida y pues ya estamos a noviembre, estamos muy cerquita ya de la Navidad y no se han liberado los recursos. Entonces estamos, no estamos en tiempo y forma, estamos muy atrasados, esa es la realidad&#8221;, se\u00f1al\u00f3.<\/p>\n\n\n\n<p>&#8220;En el tema disciplina, hemos tenido los Municipios que cubrir con fondos propios los gastos para el psic\u00f3logo, para trabajadores sociales, para el abogado, de la protecci\u00f3n de las ni\u00f1as, ni\u00f1os y adolescentes y es lo m\u00e1s importante en lo cual estamos trabajando en Nuevo Le\u00f3n, en las ni\u00f1as, en los ni\u00f1os y en los adolescentes y no es posible que hasta la fecha de hoy no nos han depositado esos recursos donde ya todos presentamos los proyectos en base a la normativa que nos solicitaban y al final de cuentas esto no se ha vuelto una realidad y seguimos cubriendo ese gasto y estamos sumamente preocupados&#8221;, apunt\u00f3.<\/p>\n\n\n\n<p>Finalmente, Ignacio Castellanos reconoci\u00f3 que el pago de los fondos por parte de Gobierno del Estado ser\u00eda una se\u00f1al de que se quiere transitar por buen camino el presupuesto del 2026.<\/p>\n\n\n\n<p>&#8220;Yo creo que ser\u00eda una muestra de voluntad para querer sentarse a negociar el hecho de poder darles lo que por ley les merece desde hace tiempo. El Fondo de Desarrollo Municipal hist\u00f3ricamente, y lo pueden investigar, se entregaba desde marzo, se empezaba a administrar desde marzo&#8221;, concluy\u00f3.<\/p>\n","protected":false},"excerpt":{"rendered":"<p>Al tiempo que exigieron el pago de recursos pendientes que les adeuda el Gobierno Estatal, Alcaldes panistas de los Municipios rurales condicionaron la aprobaci\u00f3n del presupuesto del pr\u00f3ximo a\u00f1o. Los mun\u00edcipes se reunieron con los Diputados Locales Ignacio Castellanos Amaya, Aile Tamez de la Paz, Jos\u00e9 Luis Santos Martinez, Cecilia Robledo Su\u00e1rez, Claudia Caballero Ch\u00e1vez, [&hellip;]<\/p>\n","protected":false},"author":1,"featured_media":141720,"comment_status":"open","ping_status":"open","sticky":true,"template":"","format":"standard","meta":{"footnotes":""},"categories":[6,3,5],"tags":[],"_links":{"self":[{"href":"https:\/\/diariodigitalmx.com\/index.php\/wp-json\/wp\/v2\/posts\/141727"}],"collection":[{"href":"https:\/\/diariodigitalmx.com\/index.php\/wp-json\/wp\/v2\/posts"}],"about":[{"href":"https:\/\/diariodigitalmx.com\/index.php\/wp-json\/wp\/v2\/types\/post"}],"author":[{"embeddable":true,"href":"https:\/\/diariodigitalmx.com\/index.php\/wp-json\/wp\/v2\/users\/1"}],"replies":[{"embeddable":true,"href":"https:\/\/diariodigitalmx.com\/index.php\/wp-json\/wp\/v2\/comments?post=141727"}],"version-history":[{"count":1,"href":"https:\/\/diariodigitalmx.com\/index.php\/wp-json\/wp\/v2\/posts\/141727\/revisions"}],"predecessor-version":[{"id":141728,"href":"https:\/\/diariodigitalmx.com\/index.php\/wp-json\/wp\/v2\/posts\/141727\/revisions\/141728"}],"wp:featuredmedia":[{"embeddable":true,"href":"https:\/\/diariodigitalmx.com\/index.php\/wp-json\/wp\/v2\/media\/141720"}],"wp:attachment":[{"href":"https:\/\/diariodigitalmx.com\/index.php\/wp-json\/wp\/v2\/media?parent=141727"}],"wp:term":[{"taxonomy":"category","embeddable":true,"href":"https:\/\/diariodigitalmx.com\/index.php\/wp-json\/wp\/v2\/categories?post=141727"},{"taxonomy":"post_tag","embeddable":true,"href":"https:\/\/diariodigitalmx.com\/index.php\/wp-json\/wp\/v2\/tags?post=141727"}],"curies":[{"name":"wp","href":"https:\/\/api.w.org\/{rel}","templated":true}]}}