{"id":141751,"date":"2025-11-04T18:20:20","date_gmt":"2025-11-05T00:20:20","guid":{"rendered":"https:\/\/diariodigitalmx.com\/?p=141751"},"modified":"2025-11-04T19:13:08","modified_gmt":"2025-11-05T01:13:08","slug":"instala-escobedo-comision-para-poteger-e-impulsar-primera-infancia","status":"publish","type":"post","link":"https:\/\/diariodigitalmx.com\/index.php\/2025\/11\/04\/instala-escobedo-comision-para-poteger-e-impulsar-primera-infancia\/","title":{"rendered":"Instala Escobedo comisi\u00f3n para poteger e impulsar primera infancia"},"content":{"rendered":"\n<p>Con el prop\u00f3sito de impulsar el desarrollo integral de ni\u00f1as y ni\u00f1os desde la gesti\u00f3n temprana hasta el t\u00e9rmino del primer ciclo de ense\u00f1anza b\u00e1sica, Escobedo, la Capital de la Transformaci\u00f3n, instal\u00f3 la Comisi\u00f3n para la Primera Infancia, reafirmando su compromiso con la igualdad de oportunidades.<\/p>\n\n\n\n<p>El Alcalde Andr\u00e9s Mijes tom\u00f3 protesta a los integrantes de esta Comisi\u00f3n, que busca mejorar las condiciones de vida y desarrollo de m\u00e1s de 49 mil ni\u00f1as y ni\u00f1os que habitan en el municipio, garantizando su sano crecimiento.<\/p>\n\n\n\n<figure class=\"wp-block-image size-full\"><img loading=\"lazy\" decoding=\"async\" width=\"719\" height=\"483\" src=\"https:\/\/diariodigitalmx.com\/wp-content\/uploads\/2025\/11\/Screenshot_20251104_191028_Gmail.jpg\" alt=\"\" class=\"wp-image-141754\" srcset=\"https:\/\/diariodigitalmx.com\/wp-content\/uploads\/2025\/11\/Screenshot_20251104_191028_Gmail.jpg 719w, https:\/\/diariodigitalmx.com\/wp-content\/uploads\/2025\/11\/Screenshot_20251104_191028_Gmail-300x202.jpg 300w\" sizes=\"(max-width: 719px) 100vw, 719px\" \/><\/figure>\n\n\n\n<p>Durante su mensaje, Mijes resalt\u00f3 que la creaci\u00f3n de este organismo es un paso esencial para asegurar que cada ni\u00f1a y cada ni\u00f1o de Escobedo tengan las mismas oportunidades para crecer, aprender y so\u00f1ar, sin importar su origen o condici\u00f3n.<\/p>\n\n\n\n<p>\u201cHablar de primera infancia es hablar del coraz\u00f3n de nuestro tejido social. Aqu\u00ed comienza la igualdad verdadera. Aqu\u00ed se forma el car\u00e1cter, la confianza y el amor por la comunidad. Aqu\u00ed nace el futuro de la Zona Metropolitana de Nuevo Le\u00f3n\u201d, expres\u00f3 el Edil.<\/p>\n\n\n\n<p>La Comisi\u00f3n est\u00e1 integrada por funcionarios municipales, representantes del Estado, docentes, asociaciones civiles, guarder\u00edas, estancias infantiles y escuelas p\u00fablicas y privadas, quienes trabajar\u00e1n en estrategias que garanticen atenci\u00f3n integral y entornos seguros para la ni\u00f1ez.<\/p>\n\n\n\n<figure class=\"wp-block-image size-full\"><img loading=\"lazy\" decoding=\"async\" width=\"703\" height=\"468\" src=\"https:\/\/diariodigitalmx.com\/wp-content\/uploads\/2025\/11\/Screenshot_20251104_191033_Gmail.jpg\" alt=\"\" class=\"wp-image-141756\" srcset=\"https:\/\/diariodigitalmx.com\/wp-content\/uploads\/2025\/11\/Screenshot_20251104_191033_Gmail.jpg 703w, https:\/\/diariodigitalmx.com\/wp-content\/uploads\/2025\/11\/Screenshot_20251104_191033_Gmail-300x200.jpg 300w\" sizes=\"(max-width: 703px) 100vw, 703px\" \/><\/figure>\n\n\n\n<p>Entre sus objetivos destacan promover la educaci\u00f3n temprana, la nutrici\u00f3n adecuada, la atenci\u00f3n m\u00e9dica oportuna y el desarrollo emocional de las infancias, fortaleciendo las bases para su bienestar futuro.<\/p>\n\n\n\n<p>Mijes a\u00f1adi\u00f3 que la 4T Norte\u00f1a trabaja inspirada en el modelo de la Presidenta de M\u00e9xico, Claudia Sheinbaum Pardo, quien ha se\u00f1alado que el progreso solo vale la pena si es compartido y equitativo, siendo la infancia una prioridad.<\/p>\n\n\n\n<p>Con esta acci\u00f3n, Escobedo avanza hacia un municipio donde cada ni\u00f1a y ni\u00f1o tenga la oportunidad de desarrollarse plenamente y contribuir al futuro de Nuevo.<\/p>\n","protected":false},"excerpt":{"rendered":"<p>Con el prop\u00f3sito de impulsar el desarrollo integral de ni\u00f1as y ni\u00f1os desde la gesti\u00f3n temprana hasta el t\u00e9rmino del primer ciclo de ense\u00f1anza b\u00e1sica, Escobedo, la Capital de la Transformaci\u00f3n, instal\u00f3 la Comisi\u00f3n para la Primera Infancia, reafirmando su compromiso con la igualdad de oportunidades. El Alcalde Andr\u00e9s Mijes tom\u00f3 protesta a los integrantes [&hellip;]<\/p>\n","protected":false},"author":1,"featured_media":141753,"comment_status":"open","ping_status":"open","sticky":true,"template":"","format":"standard","meta":{"footnotes":""},"categories":[6],"tags":[],"_links":{"self":[{"href":"https:\/\/diariodigitalmx.com\/index.php\/wp-json\/wp\/v2\/posts\/141751"}],"collection":[{"href":"https:\/\/diariodigitalmx.com\/index.php\/wp-json\/wp\/v2\/posts"}],"about":[{"href":"https:\/\/diariodigitalmx.com\/index.php\/wp-json\/wp\/v2\/types\/post"}],"author":[{"embeddable":true,"href":"https:\/\/diariodigitalmx.com\/index.php\/wp-json\/wp\/v2\/users\/1"}],"replies":[{"embeddable":true,"href":"https:\/\/diariodigitalmx.com\/index.php\/wp-json\/wp\/v2\/comments?post=141751"}],"version-history":[{"count":2,"href":"https:\/\/diariodigitalmx.com\/index.php\/wp-json\/wp\/v2\/posts\/141751\/revisions"}],"predecessor-version":[{"id":141757,"href":"https:\/\/diariodigitalmx.com\/index.php\/wp-json\/wp\/v2\/posts\/141751\/revisions\/141757"}],"wp:featuredmedia":[{"embeddable":true,"href":"https:\/\/diariodigitalmx.com\/index.php\/wp-json\/wp\/v2\/media\/141753"}],"wp:attachment":[{"href":"https:\/\/diariodigitalmx.com\/index.php\/wp-json\/wp\/v2\/media?parent=141751"}],"wp:term":[{"taxonomy":"category","embeddable":true,"href":"https:\/\/diariodigitalmx.com\/index.php\/wp-json\/wp\/v2\/categories?post=141751"},{"taxonomy":"post_tag","embeddable":true,"href":"https:\/\/diariodigitalmx.com\/index.php\/wp-json\/wp\/v2\/tags?post=141751"}],"curies":[{"name":"wp","href":"https:\/\/api.w.org\/{rel}","templated":true}]}}