{"id":141769,"date":"2025-11-04T21:12:46","date_gmt":"2025-11-05T03:12:46","guid":{"rendered":"https:\/\/diariodigitalmx.com\/?p=141769"},"modified":"2025-11-04T21:25:07","modified_gmt":"2025-11-05T03:25:07","slug":"presenta-rocio-montalvo-reforma-para-trabnsparentar-asignacion-de-recursos-a-organizaciones-civiles","status":"publish","type":"post","link":"https:\/\/diariodigitalmx.com\/index.php\/2025\/11\/04\/presenta-rocio-montalvo-reforma-para-trabnsparentar-asignacion-de-recursos-a-organizaciones-civiles\/","title":{"rendered":"Presenta Roc\u00edo Montalvo reforma para transparentar asignaci\u00f3n de recursos a organizaciones civiles"},"content":{"rendered":"\n<p> La diputada independiente Roc\u00edo Maybe Montalvo Adame present\u00f3 una iniciativa para reformar la Ley de Fomento de la Sociedad Civil Organizada y garantizar la transparencia en la asignaci\u00f3n de recursos p\u00fablicos a organizaciones civiles, tras escuchar de estos organismos quejas por concentraci\u00f3n de poder en la Secretar\u00eda de Igualdad e Inclusi\u00f3n que ha generado discrecionalidad y dudas en el ejercicio de los recursos disponibles.<\/p>\n\n\n\n<p>&#8220;El gobierno estatal habla de su compromiso con la sociedad civil, pero mantiene un sistema que no es lo suficientemente transparente donde una sola secretar\u00eda decide qui\u00e9n recibe recursos, sin convocatorias o reglas de operaci\u00f3n consensadas con las propias organizaciones y criterios poco alcanzables. Esto no fomenta la participaci\u00f3n de la sociedad civil, sino que genera rechazo y dudas porque se siente como un sistema de compadrazgos o amiguismos institucionalizado&#8221;, explic\u00f3 la coordinadora del Grupo Legislativo &#8220;\u00danete Pueblo&#8221;.<\/p>\n\n\n\n<p>La legisladora se\u00f1al\u00f3 que la Ley vigente, promulgada en 2022, concentra excesivas atribuciones en la Secretar\u00eda de Igualdad e Inclusi\u00f3n, a diferencia de otras secretar\u00edas estatales, lo que hace que act\u00fae como juez y parte al emitir los dict\u00e1menes viabilidad de asignaci\u00f3n de recursos, al definir las reglas de operaci\u00f3n y seleccionar representantes ciudadanos sin procesos abiertos. &#8220;Tenemos una ley que, en lugar de empoderar a las organizaciones, las ha convertido en dependientes de los criterios internos de un solo funcionario&#8221;, explic\u00f3 Montalvo.<\/p>\n\n\n\n<p>La reforma propone seis ejes que incluyen la desconcentraci\u00f3n del poder de la Secretar\u00eda, la obligatoriedad de convocatorias p\u00fablicas anuales, la elaboraci\u00f3n participativa de reglas de operaci\u00f3n y la designaci\u00f3n de representantes ciudadanos mediante procesos abiertos convocados por el Congreso del Estado, similar a lo que se hace en otros organismos con representaci\u00f3n de la sociedad civil, como la Junta de Gobierno del Instituto de Movilidad.<\/p>\n\n\n\n<p>&#8220;Actualmente los recursos para organizaciones civiles se asignan en un proceso que ellas mismas consideran poco fiable, sin saber en su totalidad cuales son los criterios para que unos reciban y otros no. Con esta reforma, cada peso p\u00fablico tendr\u00e1 que justificarse con transparencia y mediante convocatorias en la que todas las organizaciones puedan colaborar, participar y al final puedan consultar&#8221;, afirm\u00f3 la diputada.<\/p>\n\n\n\n<p>Montalvo destac\u00f3 que la iniciativa responde a las demandas de las propias organizaciones, que han denunciado la falta de mecanismos efectivos de rendici\u00f3n de cuentas. &#8220;Cada a\u00f1o ven c\u00f3mo se incrementa el presupuesto para este rubro, pero una parte importante no se ejerce y nadie explica por qu\u00e9. Por ello, incluimos la presentaci\u00f3n de informes trimestrales obligatorios sobre estos recursos espec\u00edficos&#8221;, sentenci\u00f3.<\/p>\n\n\n\n<p>La reforma tambi\u00e9n establece que el Congreso del Estado ser\u00e1 la autoridad competente para emitir la convocatoria para designar a los ciudadanos que integren el Consejo T\u00e9cnico, \u00f3rgano colegiado de la Secretar\u00eda de Igualdad e Inclusi\u00f3n, fortaleciendo as\u00ed el principio de divisi\u00f3n de poderes y buscando terminar con la discrecionalidad.<\/p>\n\n\n\n<p>&#8220;Esta reforma m\u00e1s que algo t\u00e9cnico, es una cuesti\u00f3n de justicia democr\u00e1tica. Las organizaciones civiles merecen igualdad de condiciones para acceder a recursos p\u00fablicos que provienen de los impuestos de todas y todos los ciudadanos, no depender de si son &#8216;amigos&#8217; del funcionario en turno&#8221;, finaliz\u00f3 Montalvo, haciendo un llamado a sus compa\u00f1eros diputados para aprobar una iniciativa que &#8220;devolver\u00e1 la confianza en la relaci\u00f3n entre gobierno y sociedad civil&#8221;.<\/p>\n\n\n\n<p><strong>Los seis ejes que le dan fundamento a la reforma<\/strong><\/p>\n\n\n\n<p>\u00b7&nbsp;&nbsp;&nbsp;&nbsp;&nbsp;&nbsp;&nbsp;&nbsp;<strong>Menos poder para la Secretar\u00eda<\/strong>. Ya no una sola dependencia decidir\u00e1 qui\u00e9n recibe recursos. Los dict\u00e1menes ser\u00e1n revisados por el Comit\u00e9 T\u00e9cnico con participaci\u00f3n de las OSC del Registro Estatal.<\/p>\n\n\n\n<p>\u00b7&nbsp;&nbsp;&nbsp;&nbsp;&nbsp;&nbsp;&nbsp;&nbsp;<strong>Convocatorias p\u00fablicas obligatorias<\/strong>. Todos los apoyos deber\u00e1n publicarse en convocatorias abiertas con criterios claros que fomenten la participaci\u00f3n de todas las OSC.<\/p>\n\n\n\n<p>\u00b7&nbsp;&nbsp;&nbsp;&nbsp;&nbsp;&nbsp;&nbsp;&nbsp;<strong>Reglas hechas entre todos<\/strong>. Las organizaciones civiles del Registro Estatal participar\u00e1n en crear las reglas de operaci\u00f3n, no las impondr\u00e1 solo el gobierno.<\/p>\n\n\n\n<p>\u00b7&nbsp;&nbsp;&nbsp;&nbsp;&nbsp;&nbsp;&nbsp;&nbsp;<strong>Representantes elegidos por convocatoria<\/strong>. Los ciudadanos que se integran al Consejo T\u00e9cnico ser\u00e1n seleccionados por convocatoria abierta del Congreso del Estado y designados por este.<\/p>\n\n\n\n<p>\u00b7&nbsp;&nbsp;&nbsp;&nbsp;&nbsp;&nbsp;&nbsp;&nbsp;<strong>Ejercicio completo y eficiente del presupuesto<\/strong>. Obligaci\u00f3n de publicar trimestralmente en qu\u00e9 se gasta el presupuesto y justificar si no se usa.<\/p>\n\n\n\n<p>\u00b7&nbsp;&nbsp;&nbsp;&nbsp;&nbsp;&nbsp;&nbsp;&nbsp;<strong>Facultades del Congreso en integraci\u00f3n ciudadana:<\/strong>&nbsp;Se reconoce al Congreso del Estado como autoridad competente para emitir convocatorias y designar a los ciudadanos que integren el Consejo T\u00e9cnico, fortaleciendo el principio de divisi\u00f3n de poderes y la participaci\u00f3n legislativa en el fomento a la sociedad civil.<\/p>\n","protected":false},"excerpt":{"rendered":"<p>La diputada independiente Roc\u00edo Maybe Montalvo Adame present\u00f3 una iniciativa para reformar la Ley de Fomento de la Sociedad Civil Organizada y garantizar la transparencia en la asignaci\u00f3n de recursos p\u00fablicos a organizaciones civiles, tras escuchar de estos organismos quejas por concentraci\u00f3n de poder en la Secretar\u00eda de Igualdad e Inclusi\u00f3n que ha generado discrecionalidad [&hellip;]<\/p>\n","protected":false},"author":1,"featured_media":141780,"comment_status":"open","ping_status":"open","sticky":true,"template":"","format":"standard","meta":{"footnotes":""},"categories":[6],"tags":[],"_links":{"self":[{"href":"https:\/\/diariodigitalmx.com\/index.php\/wp-json\/wp\/v2\/posts\/141769"}],"collection":[{"href":"https:\/\/diariodigitalmx.com\/index.php\/wp-json\/wp\/v2\/posts"}],"about":[{"href":"https:\/\/diariodigitalmx.com\/index.php\/wp-json\/wp\/v2\/types\/post"}],"author":[{"embeddable":true,"href":"https:\/\/diariodigitalmx.com\/index.php\/wp-json\/wp\/v2\/users\/1"}],"replies":[{"embeddable":true,"href":"https:\/\/diariodigitalmx.com\/index.php\/wp-json\/wp\/v2\/comments?post=141769"}],"version-history":[{"count":2,"href":"https:\/\/diariodigitalmx.com\/index.php\/wp-json\/wp\/v2\/posts\/141769\/revisions"}],"predecessor-version":[{"id":141781,"href":"https:\/\/diariodigitalmx.com\/index.php\/wp-json\/wp\/v2\/posts\/141769\/revisions\/141781"}],"wp:featuredmedia":[{"embeddable":true,"href":"https:\/\/diariodigitalmx.com\/index.php\/wp-json\/wp\/v2\/media\/141780"}],"wp:attachment":[{"href":"https:\/\/diariodigitalmx.com\/index.php\/wp-json\/wp\/v2\/media?parent=141769"}],"wp:term":[{"taxonomy":"category","embeddable":true,"href":"https:\/\/diariodigitalmx.com\/index.php\/wp-json\/wp\/v2\/categories?post=141769"},{"taxonomy":"post_tag","embeddable":true,"href":"https:\/\/diariodigitalmx.com\/index.php\/wp-json\/wp\/v2\/tags?post=141769"}],"curies":[{"name":"wp","href":"https:\/\/api.w.org\/{rel}","templated":true}]}}