{"id":141810,"date":"2025-11-05T05:57:22","date_gmt":"2025-11-05T11:57:22","guid":{"rendered":"https:\/\/diariodigitalmx.com\/?p=141810"},"modified":"2025-11-05T06:11:20","modified_gmt":"2025-11-05T12:11:20","slug":"el-efecto-morena-seguira-presente-en-2027","status":"publish","type":"post","link":"https:\/\/diariodigitalmx.com\/index.php\/2025\/11\/05\/el-efecto-morena-seguira-presente-en-2027\/","title":{"rendered":"\u00bfEl efecto Morena seguir\u00e1 presente en 2027?"},"content":{"rendered":"\n<p><br>\u201cEl punto no es el efecto Morena, sino el efecto Obrador\u2026\u201d<\/p>\n\n\n\n<p>Por: Eleazar Fuentes Guti\u00e9rrez<br>El efecto Morena, que arras\u00f3 en 2018 y se consolid\u00f3 en 2021, no fue realmente un \u201cefecto Morena\u201d, sino un efecto Andr\u00e9s Manuel. Todo lo que pon\u00eda L\u00f3pez Obrador ganaba una elecci\u00f3n. Hubo alcaldes y diputados que no hicieron campa\u00f1a, y aun as\u00ed ganaban solo por pertenecer al movimiento.<br>Si algo es innegable, es que Andr\u00e9s Manuel le dej\u00f3 lista la silla a Claudia Sheinbaum. Hubiera postulado a quien hubiera postulado, ganaba la elecci\u00f3n.<br>Claudia le debe su triunfo a Obrador. En 2024, el efecto Obrador volvi\u00f3 a arrasar, ahora con otro nombre: efecto Sheinbaum.<br>El punto aqu\u00ed, y con la pol\u00e9mica reciente en torno al tema de la seguridad p\u00fablica \u2014particularmente por el asesinato de Carlos, exalcalde de Uruapan\u2014, es preguntarnos: \u00bfel efecto Sheinbaum, sin el respaldo del efecto Obrador, seguir\u00e1 presente en 2027?<br>En estos d\u00edas he visto todo tipo de cr\u00edticas al gobierno de la Cuarta Transformaci\u00f3n. Mi opini\u00f3n no se centra en si el gobierno es bueno o malo, ni en si son culpables o inocentes. Mi an\u00e1lisis apunta a otra cuesti\u00f3n: \u00bfMorena seguir\u00e1 manteniendo los mismos n\u00fameros en 2027? Michoac\u00e1n, como otros estados de la Rep\u00fablica, tendr\u00e1 elecciones ese a\u00f1o. Y, seg\u00fan la opini\u00f3n p\u00fablica y lo que se observa en redes sociales, no parece que Morena tenga garantizado el triunfo. Adem\u00e1s, est\u00e1 en juego el Congreso, y con<br>las crisis actuales es de esperarse que el partido pierda la mayor\u00eda legislativa.<br>El efecto Morena\u2013Obrador se termin\u00f3 cuando sali\u00f3 Andr\u00e9s. As\u00ed de simple. Este es mi an\u00e1lisis: no sabemos qu\u00e9 pasar\u00e1 en el futuro, porque en pol\u00edtica, todo puede cambiar en un segundo.<\/p>\n","protected":false},"excerpt":{"rendered":"<p>\u201cEl punto no es el efecto Morena, sino el efecto Obrador\u2026\u201d Por: Eleazar Fuentes Guti\u00e9rrezEl efecto Morena, que arras\u00f3 en 2018 y se consolid\u00f3 en 2021, no fue realmente un \u201cefecto Morena\u201d, sino un efecto Andr\u00e9s Manuel. Todo lo que pon\u00eda L\u00f3pez Obrador ganaba una elecci\u00f3n. Hubo alcaldes y diputados que no hicieron campa\u00f1a, y [&hellip;]<\/p>\n","protected":false},"author":1,"featured_media":141158,"comment_status":"open","ping_status":"open","sticky":true,"template":"","format":"standard","meta":{"footnotes":""},"categories":[12],"tags":[],"_links":{"self":[{"href":"https:\/\/diariodigitalmx.com\/index.php\/wp-json\/wp\/v2\/posts\/141810"}],"collection":[{"href":"https:\/\/diariodigitalmx.com\/index.php\/wp-json\/wp\/v2\/posts"}],"about":[{"href":"https:\/\/diariodigitalmx.com\/index.php\/wp-json\/wp\/v2\/types\/post"}],"author":[{"embeddable":true,"href":"https:\/\/diariodigitalmx.com\/index.php\/wp-json\/wp\/v2\/users\/1"}],"replies":[{"embeddable":true,"href":"https:\/\/diariodigitalmx.com\/index.php\/wp-json\/wp\/v2\/comments?post=141810"}],"version-history":[{"count":1,"href":"https:\/\/diariodigitalmx.com\/index.php\/wp-json\/wp\/v2\/posts\/141810\/revisions"}],"predecessor-version":[{"id":141811,"href":"https:\/\/diariodigitalmx.com\/index.php\/wp-json\/wp\/v2\/posts\/141810\/revisions\/141811"}],"wp:featuredmedia":[{"embeddable":true,"href":"https:\/\/diariodigitalmx.com\/index.php\/wp-json\/wp\/v2\/media\/141158"}],"wp:attachment":[{"href":"https:\/\/diariodigitalmx.com\/index.php\/wp-json\/wp\/v2\/media?parent=141810"}],"wp:term":[{"taxonomy":"category","embeddable":true,"href":"https:\/\/diariodigitalmx.com\/index.php\/wp-json\/wp\/v2\/categories?post=141810"},{"taxonomy":"post_tag","embeddable":true,"href":"https:\/\/diariodigitalmx.com\/index.php\/wp-json\/wp\/v2\/tags?post=141810"}],"curies":[{"name":"wp","href":"https:\/\/api.w.org\/{rel}","templated":true}]}}