{"id":141816,"date":"2025-11-05T09:54:56","date_gmt":"2025-11-05T15:54:56","guid":{"rendered":"https:\/\/diariodigitalmx.com\/?p=141816"},"modified":"2025-11-05T10:03:25","modified_gmt":"2025-11-05T16:03:25","slug":"llama-consejo-civico-a-gobierno-cumplir-c0on-la-ley-y-apoyar-a-organizaciones-civiles","status":"publish","type":"post","link":"https:\/\/diariodigitalmx.com\/index.php\/2025\/11\/05\/llama-consejo-civico-a-gobierno-cumplir-c0on-la-ley-y-apoyar-a-organizaciones-civiles\/","title":{"rendered":"Llama Consejo C\u00edvico a Gobierno de Samuel Garc\u00eda, cumplir la Ley y apoyar a organizaciones civiles"},"content":{"rendered":"\n<p><em><strong>Monterrey, NL.-<\/strong><\/em>\u00a0Nuevo Le\u00f3n ha logrado avances importantes en el fortalecimiento de la sociedad civil organizada, pero el reto ahora es garantizar la continuidad de las pol\u00edticas de fomento, el cumplimiento de los recursos comprometidos y la consolidaci\u00f3n de espacios permanentes de participaci\u00f3n.<\/p>\n\n\n\n<p>De acuerdo con el \u00cdndice de Fomento a las Actividades de las Organizaciones de la Sociedad Civil 2023, Nuevo Le\u00f3n ocupa el&nbsp;<strong>primer lugar nacional<\/strong>&nbsp;gracias a su marco institucional, los programas de fomento y la apertura al di\u00e1logo entre gobierno y organizaciones.<\/p>\n\n\n\n<p>Durante esta a\u00f1o 2025, el Estado ha impulsado instrumentos in\u00e9ditos en M\u00e9xico, como:<\/p>\n\n\n\n<ul>\n<li><strong>La construcci\u00f3n participativa del primer Plan Estatal de Fomento<\/strong>, que establece una hoja de ruta com\u00fan y de largo plazo.<\/li>\n\n\n\n<li><strong>La reforma a la Ley Estatal de Fomento a la Sociedad Civil Organizada<\/strong>, actualmente en proceso de aprobaci\u00f3n, que ampl\u00eda el reconocimiento de redes, articulaciones y nuevas formas de organizaci\u00f3n comunitaria, y fortalece al Registro Estatal de Organizaciones como herramienta de planeaci\u00f3n.<\/li>\n<\/ul>\n\n\n\n<p>Estos avances responden a una visi\u00f3n de&nbsp;<strong>corresponsabilidad<\/strong>: el gobierno genera condiciones y certidumbre; las organizaciones aportan conocimiento especializado. Ejemplos concretos incluyen&nbsp;<strong>Hambre Cero Nuevo Le\u00f3n<\/strong>, la&nbsp;<strong>Red de Cuidados<\/strong>, la&nbsp;<strong>articulaci\u00f3n para atenci\u00f3n a mujeres sobrevivientes de violencia&nbsp;<\/strong>y la<strong>&nbsp;respuesta comunitaria en temas ambientales y de movilidad<\/strong>. Cada uno de estos esfuerzos tiene impacto directo en la calidad de vida de las personas.<\/p>\n\n\n\n<p>Desde Consejo C\u00edvico se reconoce que el propio Gobierno ha se\u00f1alado a la sociedad civil como un actor estrat\u00e9gico para el desarrollo social del estado. Para materializar esa visi\u00f3n, es necesario avanzar hacia la consolidaci\u00f3n de espacios permanentes de participaci\u00f3n e incidencia, donde las organizaciones puedan contribuir no solo a la ejecuci\u00f3n de programas, sino tambi\u00e9n al dise\u00f1o, seguimiento y evaluaci\u00f3n de las pol\u00edticas p\u00fablicas.<\/p>\n\n\n\n<p><strong>Sin embargo, los avances normativos y de planeaci\u00f3n deben ir acompa\u00f1ados de su implementaci\u00f3n efectiva<\/strong>. El cumplimiento de los apoyos econ\u00f3micos establecidos en la Ley de Fomento y la Ley de Egresos&nbsp;<strong>no es discrecional<\/strong>, sino una&nbsp;<strong>obligaci\u00f3n legal<\/strong>&nbsp;y un&nbsp;<strong>compromiso p\u00fablico con las comunidades<\/strong>&nbsp;a las que benefician los programas y servicios que las organizaciones realizan cotidianamente. La entrega oportuna de estos recursos es indispensable para garantizar la continuidad de proyectos comunitarios, educativos y sociales, y para sostener la credibilidad del andamiaje institucional que el propio Estado ha construido.<\/p>\n\n\n\n<p>Consejo C\u00edvico hace un llamado al Gobierno del Estado a mantener y fortalecer el trabajo colaborativo con las organizaciones de la sociedad civil, dar continuidad a las pol\u00edticas de fomento y cumplir puntualmente con los compromisos financieros asumidos. Solo asegurando corresponsabilidad real, cumplimiento y participaci\u00f3n estructural podremos consolidar el fomento a la sociedad civil como una pol\u00edtica de Estado en beneficio de todas y todos los neoleoneses.<\/p>\n","protected":false},"excerpt":{"rendered":"<p>Monterrey, NL.-\u00a0Nuevo Le\u00f3n ha logrado avances importantes en el fortalecimiento de la sociedad civil organizada, pero el reto ahora es garantizar la continuidad de las pol\u00edticas de fomento, el cumplimiento de los recursos comprometidos y la consolidaci\u00f3n de espacios permanentes de participaci\u00f3n. De acuerdo con el \u00cdndice de Fomento a las Actividades de las Organizaciones [&hellip;]<\/p>\n","protected":false},"author":1,"featured_media":141819,"comment_status":"open","ping_status":"open","sticky":true,"template":"","format":"standard","meta":{"footnotes":""},"categories":[6,3,5],"tags":[],"_links":{"self":[{"href":"https:\/\/diariodigitalmx.com\/index.php\/wp-json\/wp\/v2\/posts\/141816"}],"collection":[{"href":"https:\/\/diariodigitalmx.com\/index.php\/wp-json\/wp\/v2\/posts"}],"about":[{"href":"https:\/\/diariodigitalmx.com\/index.php\/wp-json\/wp\/v2\/types\/post"}],"author":[{"embeddable":true,"href":"https:\/\/diariodigitalmx.com\/index.php\/wp-json\/wp\/v2\/users\/1"}],"replies":[{"embeddable":true,"href":"https:\/\/diariodigitalmx.com\/index.php\/wp-json\/wp\/v2\/comments?post=141816"}],"version-history":[{"count":3,"href":"https:\/\/diariodigitalmx.com\/index.php\/wp-json\/wp\/v2\/posts\/141816\/revisions"}],"predecessor-version":[{"id":141821,"href":"https:\/\/diariodigitalmx.com\/index.php\/wp-json\/wp\/v2\/posts\/141816\/revisions\/141821"}],"wp:featuredmedia":[{"embeddable":true,"href":"https:\/\/diariodigitalmx.com\/index.php\/wp-json\/wp\/v2\/media\/141819"}],"wp:attachment":[{"href":"https:\/\/diariodigitalmx.com\/index.php\/wp-json\/wp\/v2\/media?parent=141816"}],"wp:term":[{"taxonomy":"category","embeddable":true,"href":"https:\/\/diariodigitalmx.com\/index.php\/wp-json\/wp\/v2\/categories?post=141816"},{"taxonomy":"post_tag","embeddable":true,"href":"https:\/\/diariodigitalmx.com\/index.php\/wp-json\/wp\/v2\/tags?post=141816"}],"curies":[{"name":"wp","href":"https:\/\/api.w.org\/{rel}","templated":true}]}}