{"id":141825,"date":"2025-11-05T18:15:42","date_gmt":"2025-11-06T00:15:42","guid":{"rendered":"https:\/\/diariodigitalmx.com\/?p=141825"},"modified":"2025-11-05T18:50:12","modified_gmt":"2025-11-06T00:50:12","slug":"refrendan-hermanamiento-monterrey-y-dallas","status":"publish","type":"post","link":"https:\/\/diariodigitalmx.com\/index.php\/2025\/11\/05\/refrendan-hermanamiento-monterrey-y-dallas\/","title":{"rendered":"Refrendan hermanamiento Monterrey y Dallas"},"content":{"rendered":"\n<p>Monterrey y la ciudad de Dallas, Texas, refrendaron este mi\u00e9rcoles su relaci\u00f3n de hermanamiento que data desde hace 33 a\u00f1os, en 1992.<\/p>\n\n\n\n<p>Durante su gira de trabajo por esa ciudad texana, el alcalde Adri\u00e1n de la Garza, junto a la comitiva que lo acompa\u00f1a, estuvo en el Ayuntamiento de Dallas donde fue recibido por su hom\u00f3logo, Eric L. Johnson, para ratificar la relaci\u00f3n hist\u00f3rica bilateral.<\/p>\n\n\n\n<p>En su discurso coment\u00f3 que esta firma fortalece el compromiso compartido con el desarrollo econ\u00f3mico, la seguridad p\u00fablica y la cultura.<\/p>\n\n\n\n<figure class=\"wp-block-image size-full\"><img loading=\"lazy\" decoding=\"async\" width=\"946\" height=\"731\" src=\"https:\/\/diariodigitalmx.com\/wp-content\/uploads\/2025\/11\/CITY-COUNCIL-1.jpg\" alt=\"\" class=\"wp-image-141829\" srcset=\"https:\/\/diariodigitalmx.com\/wp-content\/uploads\/2025\/11\/CITY-COUNCIL-1.jpg 946w, https:\/\/diariodigitalmx.com\/wp-content\/uploads\/2025\/11\/CITY-COUNCIL-1-300x232.jpg 300w, https:\/\/diariodigitalmx.com\/wp-content\/uploads\/2025\/11\/CITY-COUNCIL-1-768x593.jpg 768w\" sizes=\"(max-width: 946px) 100vw, 946px\" \/><\/figure>\n\n\n\n<p>\u201cMientras nuestras ciudades se preparan para recibir al mundo durante la Copa FIFA 2026, esta alianza adquiere una relevancia a\u00fan mayor; juntos, Dallas y Monterrey pueden demostrar c\u00f3mo las regiones metropolitanas impulsan el crecimiento econ\u00f3mico, el intercambio cultural y la construcci\u00f3n de amistades duraderas mediante la colaboraci\u00f3n y un prop\u00f3sito\u201d.<\/p>\n\n\n\n<p>\u201cHoy celebramos un hito al reafirmar esta larga relaci\u00f3n entre nuestras dos ciudades, una relaci\u00f3n basada en valores compartidos, cooperaci\u00f3n econ\u00f3mica y profundos lazos culturales que siguen prosperando\u201d, afirm\u00f3.<\/p>\n\n\n\n<p>El edil regio habl\u00f3 ante los integrantes del City Council en pleno, donde\u00a0\u00a0 reconoci\u00f3 que esta cooperaci\u00f3n tendr\u00e1 efectos positivos por muchos a\u00f1os, y los invit\u00f3 a seguir trabajando en conjunto para mantener la construcci\u00f3n de oportunidades para los habitantes de las dos regiones.<\/p>\n\n\n\n<figure class=\"wp-block-image size-large\"><img loading=\"lazy\" decoding=\"async\" width=\"1024\" height=\"768\" src=\"https:\/\/diariodigitalmx.com\/wp-content\/uploads\/2025\/11\/CITY-COUNCIL-4-1024x768.jpg\" alt=\"\" class=\"wp-image-141830\" srcset=\"https:\/\/diariodigitalmx.com\/wp-content\/uploads\/2025\/11\/CITY-COUNCIL-4-1024x768.jpg 1024w, https:\/\/diariodigitalmx.com\/wp-content\/uploads\/2025\/11\/CITY-COUNCIL-4-300x225.jpg 300w, https:\/\/diariodigitalmx.com\/wp-content\/uploads\/2025\/11\/CITY-COUNCIL-4-768x576.jpg 768w, https:\/\/diariodigitalmx.com\/wp-content\/uploads\/2025\/11\/CITY-COUNCIL-4.jpg 1280w\" sizes=\"(max-width: 1024px) 100vw, 1024px\" \/><\/figure>\n\n\n\n<p>Con esta visita, De la Garza busca establecer puentes para aprovechar el Mundial de f\u00fatbol a fin de promover el desarrollo econ\u00f3mico y tur\u00edstico en ambas ciudades.<\/p>\n\n\n\n<p>\u201cM\u00e1s que nunca debemos garantizar que las cadenas de suministro sean seguras y eficientes, promoviendo la inversi\u00f3n en infraestructura, la promoci\u00f3n de mejores pr\u00e1cticas en aduanas, la log\u00edstica de los bienes y productos, as\u00ed como el impulso de alianzas p\u00fablico-privadas que fomentan la innovaci\u00f3n en ambos lados de la frontera\u201d, exhort\u00f3.<\/p>\n\n\n\n<p>En la agenda de este d\u00eda de la delegaci\u00f3n regia se contemplan reuniones con empresarios, l\u00edderes de la Ciudad y del Condado de Dallas, el Departamento de Polic\u00eda, la Oficina de Visitantes de Dallas, el Bur\u00f3 de Convenciones y con los directivos del equipo de baloncesto Maveriks, para agradecer por la reciente donaci\u00f3n y remodelaci\u00f3n de una cancha de b\u00e1squet en la Ciudad Deportiva de Monterrey.<\/p>\n","protected":false},"excerpt":{"rendered":"<p>Monterrey y la ciudad de Dallas, Texas, refrendaron este mi\u00e9rcoles su relaci\u00f3n de hermanamiento que data desde hace 33 a\u00f1os, en 1992. Durante su gira de trabajo por esa ciudad texana, el alcalde Adri\u00e1n de la Garza, junto a la comitiva que lo acompa\u00f1a, estuvo en el Ayuntamiento de Dallas donde fue recibido por su [&hellip;]<\/p>\n","protected":false},"author":1,"featured_media":141827,"comment_status":"open","ping_status":"open","sticky":true,"template":"","format":"standard","meta":{"footnotes":""},"categories":[6],"tags":[],"_links":{"self":[{"href":"https:\/\/diariodigitalmx.com\/index.php\/wp-json\/wp\/v2\/posts\/141825"}],"collection":[{"href":"https:\/\/diariodigitalmx.com\/index.php\/wp-json\/wp\/v2\/posts"}],"about":[{"href":"https:\/\/diariodigitalmx.com\/index.php\/wp-json\/wp\/v2\/types\/post"}],"author":[{"embeddable":true,"href":"https:\/\/diariodigitalmx.com\/index.php\/wp-json\/wp\/v2\/users\/1"}],"replies":[{"embeddable":true,"href":"https:\/\/diariodigitalmx.com\/index.php\/wp-json\/wp\/v2\/comments?post=141825"}],"version-history":[{"count":2,"href":"https:\/\/diariodigitalmx.com\/index.php\/wp-json\/wp\/v2\/posts\/141825\/revisions"}],"predecessor-version":[{"id":141831,"href":"https:\/\/diariodigitalmx.com\/index.php\/wp-json\/wp\/v2\/posts\/141825\/revisions\/141831"}],"wp:featuredmedia":[{"embeddable":true,"href":"https:\/\/diariodigitalmx.com\/index.php\/wp-json\/wp\/v2\/media\/141827"}],"wp:attachment":[{"href":"https:\/\/diariodigitalmx.com\/index.php\/wp-json\/wp\/v2\/media?parent=141825"}],"wp:term":[{"taxonomy":"category","embeddable":true,"href":"https:\/\/diariodigitalmx.com\/index.php\/wp-json\/wp\/v2\/categories?post=141825"},{"taxonomy":"post_tag","embeddable":true,"href":"https:\/\/diariodigitalmx.com\/index.php\/wp-json\/wp\/v2\/tags?post=141825"}],"curies":[{"name":"wp","href":"https:\/\/api.w.org\/{rel}","templated":true}]}}