{"id":141984,"date":"2025-11-10T14:29:15","date_gmt":"2025-11-10T20:29:15","guid":{"rendered":"https:\/\/diariodigitalmx.com\/?p=141984"},"modified":"2025-11-10T14:33:19","modified_gmt":"2025-11-10T20:33:19","slug":"arranca-escobedo-macro-operativo-de-seguridad-buen-fin-norteno","status":"publish","type":"post","link":"https:\/\/diariodigitalmx.com\/index.php\/2025\/11\/10\/arranca-escobedo-macro-operativo-de-seguridad-buen-fin-norteno\/","title":{"rendered":"Arranca Escobedo macro operativo de seguridad &#8220;Buen Fin Norte\u00f1o&#8221;"},"content":{"rendered":"\n<figure class=\"wp-block-image size-large\"><img loading=\"lazy\" decoding=\"async\" width=\"1024\" height=\"634\" src=\"https:\/\/diariodigitalmx.com\/wp-content\/uploads\/2025\/11\/4663-1024x634.jpg\" alt=\"\" class=\"wp-image-141987\" srcset=\"https:\/\/diariodigitalmx.com\/wp-content\/uploads\/2025\/11\/4663-1024x634.jpg 1024w, https:\/\/diariodigitalmx.com\/wp-content\/uploads\/2025\/11\/4663-300x186.jpg 300w, https:\/\/diariodigitalmx.com\/wp-content\/uploads\/2025\/11\/4663-768x476.jpg 768w, https:\/\/diariodigitalmx.com\/wp-content\/uploads\/2025\/11\/4663-1536x951.jpg 1536w, https:\/\/diariodigitalmx.com\/wp-content\/uploads\/2025\/11\/4663-2048x1268.jpg 2048w\" sizes=\"(max-width: 1024px) 100vw, 1024px\" \/><\/figure>\n\n\n\n<p>Para proteger a quienes realizar\u00e1n compras durante esta temporada, el Municipio de Escobedo puso en marcha el operativo \u201cBuen Fin Norte\u00f1o: Seguridad Todo el Fin de A\u00f1o\u201d, una estrategia basada en tecnolog\u00eda y coordinaci\u00f3n con fuerzas federales y estatales para reforzar la seguridad de las familias.<\/p>\n\n\n\n<p>El arranque fue encabezado por el Alcalde Andr\u00e9s Mijes, acompa\u00f1ado por representantes de corporaciones de seguridad y auxilio que participar\u00e1n en el despliegue, cuyo objetivo es lograr un saldo blanco durante esta temporada.<\/p>\n\n\n\n<p>Mijes destac\u00f3 que, al conocer la importancia de estas fechas para los comerciantes y la econom\u00eda familiar, el operativo se centrar\u00e1 en las zonas con mayor actividad comercial y movilidad ciudadana.<\/p>\n\n\n\n<figure class=\"wp-block-image size-large\"><img loading=\"lazy\" decoding=\"async\" width=\"1024\" height=\"654\" src=\"https:\/\/diariodigitalmx.com\/wp-content\/uploads\/2025\/11\/4665-1024x654.jpg\" alt=\"\" class=\"wp-image-141989\" srcset=\"https:\/\/diariodigitalmx.com\/wp-content\/uploads\/2025\/11\/4665-1024x654.jpg 1024w, https:\/\/diariodigitalmx.com\/wp-content\/uploads\/2025\/11\/4665-300x192.jpg 300w, https:\/\/diariodigitalmx.com\/wp-content\/uploads\/2025\/11\/4665-768x491.jpg 768w, https:\/\/diariodigitalmx.com\/wp-content\/uploads\/2025\/11\/4665-1536x981.jpg 1536w, https:\/\/diariodigitalmx.com\/wp-content\/uploads\/2025\/11\/4665-2048x1308.jpg 2048w\" sizes=\"(max-width: 1024px) 100vw, 1024px\" \/><\/figure>\n\n\n\n<p>El dispositivo contar\u00e1 con 600 elementos de Proxpol, incluyendo la nueva Divisi\u00f3n Blindada, as\u00ed como personal de Protecci\u00f3n Civil Municipal. Los equipos se distribuir\u00e1n en centros comerciales, bancos, cajeros, corredores y \u00e1reas recreativas, fortaleciendo la vigilancia preventiva.<\/p>\n\n\n\n<p>El Alcalde subray\u00f3 que en Escobedo s\u00ed se trabaja para cuidar el esfuerzo de cada familia con una polic\u00eda profesional, cercana y de talla internacional.<\/p>\n\n\n\n<p>\u201cEstamos aqu\u00ed para que cada persona que cobra su aguinaldo, que sale a comprar un regalo, que abre su negocio desde temprano, pueda hacerlo con la certeza de que hay un Gobierno Municipal que protege, que est\u00e1 presente y que cumple\u201d, expres\u00f3 el Edil.&nbsp;<\/p>\n\n\n\n<p>Como parte del operativo, se utilizar\u00e1n drones con c\u00e1maras infrarrojas, c\u00e1maras corporales, armas no letales Taser 7 y S2, torres de vigilancia y patrullas con tecnolog\u00eda de respuesta inmediata, herramientas que mejorar\u00e1n la capacidad de monitoreo y los tiempos de atenci\u00f3n en zonas de riesgo.<\/p>\n\n\n\n<figure class=\"wp-block-image size-large\"><img loading=\"lazy\" decoding=\"async\" width=\"1024\" height=\"657\" src=\"https:\/\/diariodigitalmx.com\/wp-content\/uploads\/2025\/11\/4675-1024x657.jpg\" alt=\"\" class=\"wp-image-141992\" srcset=\"https:\/\/diariodigitalmx.com\/wp-content\/uploads\/2025\/11\/4675-1024x657.jpg 1024w, https:\/\/diariodigitalmx.com\/wp-content\/uploads\/2025\/11\/4675-300x192.jpg 300w, https:\/\/diariodigitalmx.com\/wp-content\/uploads\/2025\/11\/4675-768x493.jpg 768w, https:\/\/diariodigitalmx.com\/wp-content\/uploads\/2025\/11\/4675.jpg 1079w\" sizes=\"(max-width: 1024px) 100vw, 1024px\" \/><\/figure>\n\n\n\n<p>El dispositivo permanecer\u00e1 activo durante todo el periodo navide\u00f1o y se sumar\u00e1 a los patrullajes permanentes en colonias y avenidas principales.<\/p>\n\n\n\n<p>Adem\u00e1s, contar\u00e1 con el apoyo de la Guardia Nacional, Ej\u00e9rcito Mexicano, Bomberos de Monterrey, la Fiscal\u00eda General de Justicia del Estado y Fuerza Civil, ampliando la cobertura y reforzando la coordinaci\u00f3n ante cualquier contingencia.<\/p>\n\n\n\n<p>La estrategia tiene como ejes principales salvaguardar a la ciudadan\u00eda, proteger el patrimonio familiar, disuadir conductas delictivas, prevenir faltas administrativas y detectar zonas vulnerables para reforzar la presencia policial durante los momentos de mayor actividad comercial.<\/p>\n\n\n\n<p>Mijes enfatiz\u00f3 que, en la Capital de la Transformaci\u00f3n de Nuevo Le\u00f3n, las acciones de seguridad est\u00e1n alineadas al Plan M\u00e9xico de la Presidenta Claudia Sheinbaum Pardo, en el que el crecimiento y la justicia social avanzan de la mano.<\/p>\n\n\n\n<p>Con el macro operativo \u201cBuen Fin Norte\u00f1o\u201d, la 4T Norte\u00f1a de Escobedo reafirma su compromiso de implementar estrategias preventivas, innovaci\u00f3n tecnol\u00f3gica y coordinaci\u00f3n interinstitucional para garantizar entornos tranquilos para todas las familias.<\/p>\n","protected":false},"excerpt":{"rendered":"<p>Para proteger a quienes realizar\u00e1n compras durante esta temporada, el Municipio de Escobedo puso en marcha el operativo \u201cBuen Fin Norte\u00f1o: Seguridad Todo el Fin de A\u00f1o\u201d, una estrategia basada en tecnolog\u00eda y coordinaci\u00f3n con fuerzas federales y estatales para reforzar la seguridad de las familias. El arranque fue encabezado por el Alcalde Andr\u00e9s Mijes, [&hellip;]<\/p>\n","protected":false},"author":1,"featured_media":141986,"comment_status":"open","ping_status":"open","sticky":true,"template":"","format":"standard","meta":{"footnotes":""},"categories":[6],"tags":[],"_links":{"self":[{"href":"https:\/\/diariodigitalmx.com\/index.php\/wp-json\/wp\/v2\/posts\/141984"}],"collection":[{"href":"https:\/\/diariodigitalmx.com\/index.php\/wp-json\/wp\/v2\/posts"}],"about":[{"href":"https:\/\/diariodigitalmx.com\/index.php\/wp-json\/wp\/v2\/types\/post"}],"author":[{"embeddable":true,"href":"https:\/\/diariodigitalmx.com\/index.php\/wp-json\/wp\/v2\/users\/1"}],"replies":[{"embeddable":true,"href":"https:\/\/diariodigitalmx.com\/index.php\/wp-json\/wp\/v2\/comments?post=141984"}],"version-history":[{"count":3,"href":"https:\/\/diariodigitalmx.com\/index.php\/wp-json\/wp\/v2\/posts\/141984\/revisions"}],"predecessor-version":[{"id":141993,"href":"https:\/\/diariodigitalmx.com\/index.php\/wp-json\/wp\/v2\/posts\/141984\/revisions\/141993"}],"wp:featuredmedia":[{"embeddable":true,"href":"https:\/\/diariodigitalmx.com\/index.php\/wp-json\/wp\/v2\/media\/141986"}],"wp:attachment":[{"href":"https:\/\/diariodigitalmx.com\/index.php\/wp-json\/wp\/v2\/media?parent=141984"}],"wp:term":[{"taxonomy":"category","embeddable":true,"href":"https:\/\/diariodigitalmx.com\/index.php\/wp-json\/wp\/v2\/categories?post=141984"},{"taxonomy":"post_tag","embeddable":true,"href":"https:\/\/diariodigitalmx.com\/index.php\/wp-json\/wp\/v2\/tags?post=141984"}],"curies":[{"name":"wp","href":"https:\/\/api.w.org\/{rel}","templated":true}]}}