{"id":142001,"date":"2025-11-10T19:03:42","date_gmt":"2025-11-11T01:03:42","guid":{"rendered":"https:\/\/diariodigitalmx.com\/?p=142001"},"modified":"2025-11-10T19:08:19","modified_gmt":"2025-11-11T01:08:19","slug":"es-tu-momento-de-brillar-en-la-1a-copa-dinastia-gimnastica","status":"publish","type":"post","link":"https:\/\/diariodigitalmx.com\/index.php\/2025\/11\/10\/es-tu-momento-de-brillar-en-la-1a-copa-dinastia-gimnastica\/","title":{"rendered":"\u00a1Es tu momento de brillar! en la 1\u00aa. Copa Dinast\u00eda Gimn\u00e1stica"},"content":{"rendered":"\n<p>Por Ra\u00fal E. Guevara Ortiz. &#8211; Contando con el aval de la Federaci\u00f3n Mexicana de Gimnasia y con la participaci\u00f3n de destacados exponentes estatales y nacionales de esta disciplina, durante los d\u00edas 14 al 16 de noviembre se llevar\u00e1 a cabo la 1\u00aa. Copa Dinast\u00eda Gimn\u00e1stica.<br>El Evento tambi\u00e9n denominado \u201cCopa de Ranqueo\u201d, debido a que cada uno de los participantes podr\u00e1n mejorar sus posiciones que les permita llegar a competencias estatales, nacionales e internacionales, tendr\u00e1 como sede las instalaciones del Gimnasio Nuevo Le\u00f3n (Gonzalitos y Ruiz Cortines) que reunir\u00e1 a una cantidad de deportistas provenientes de diversos estados del pa\u00eds y las escuelas y gimnasios del estado.<\/p>\n\n\n\n<figure class=\"wp-block-image size-large\"><img loading=\"lazy\" decoding=\"async\" width=\"1024\" height=\"683\" src=\"https:\/\/diariodigitalmx.com\/wp-content\/uploads\/2025\/11\/IMG_6316-1024x683.jpg\" alt=\"\" class=\"wp-image-142006\" srcset=\"https:\/\/diariodigitalmx.com\/wp-content\/uploads\/2025\/11\/IMG_6316-1024x683.jpg 1024w, https:\/\/diariodigitalmx.com\/wp-content\/uploads\/2025\/11\/IMG_6316-300x200.jpg 300w, https:\/\/diariodigitalmx.com\/wp-content\/uploads\/2025\/11\/IMG_6316-768x512.jpg 768w, https:\/\/diariodigitalmx.com\/wp-content\/uploads\/2025\/11\/IMG_6316-1536x1024.jpg 1536w, https:\/\/diariodigitalmx.com\/wp-content\/uploads\/2025\/11\/IMG_6316-2048x1365.jpg 2048w\" sizes=\"(max-width: 1024px) 100vw, 1024px\" \/><\/figure>\n\n\n\n<p>\u201cSe cuenta ya con el registro de deportistas de ciudades como Nuevo Laredo, Torre\u00f3n, San Luis Potos\u00ed, Estado de M\u00e9xico y algunas m\u00e1s de Tamaulipas y Coahuila\u201d coment\u00f3 Beatriz Del Real Vega integrante del comit\u00e9 organizador del evento.<br>Dentro del evento los gimnastas podr\u00e1n participar en los niveles de Gimnasia Art\u00edstica Femenil en prenivel, nivel 1 al 10, juniors FIG.<br>Gimnasia Art\u00edstica Varonil xcel, parkour, circuitos y jumbling, a quienes se les premiara de los lugares 1 al 10 y con medallas a todos, as\u00ed como trofeos al 1.2 y 3 en cada nivel de participaci\u00f3n.<\/p>\n\n\n\n<figure class=\"wp-block-image size-large\"><img loading=\"lazy\" decoding=\"async\" width=\"1024\" height=\"683\" src=\"https:\/\/diariodigitalmx.com\/wp-content\/uploads\/2025\/11\/IMG_6328-1024x683.jpg\" alt=\"\" class=\"wp-image-142007\" srcset=\"https:\/\/diariodigitalmx.com\/wp-content\/uploads\/2025\/11\/IMG_6328-1024x683.jpg 1024w, https:\/\/diariodigitalmx.com\/wp-content\/uploads\/2025\/11\/IMG_6328-300x200.jpg 300w, https:\/\/diariodigitalmx.com\/wp-content\/uploads\/2025\/11\/IMG_6328-768x512.jpg 768w, https:\/\/diariodigitalmx.com\/wp-content\/uploads\/2025\/11\/IMG_6328-1536x1024.jpg 1536w, https:\/\/diariodigitalmx.com\/wp-content\/uploads\/2025\/11\/IMG_6328-2048x1365.jpg 2048w\" sizes=\"(max-width: 1024px) 100vw, 1024px\" \/><\/figure>\n\n\n\n<p>\u201cEste es un evento magno deportivo con aval nacional de ranqueo, donde participaran<br>gimnastas de todas las edades y categor\u00edas \u201cdesde los 3 a\u00f1os hasta el nivel senior\u201d, coment\u00f3 Lizbeth Amaya Del Real integrante del comit\u00e9 organizador.<\/p>\n\n\n\n<figure class=\"wp-block-image size-large\"><img loading=\"lazy\" decoding=\"async\" width=\"683\" height=\"1024\" src=\"https:\/\/diariodigitalmx.com\/wp-content\/uploads\/2025\/11\/IMG_6332-683x1024.jpg\" alt=\"\" class=\"wp-image-142010\" srcset=\"https:\/\/diariodigitalmx.com\/wp-content\/uploads\/2025\/11\/IMG_6332-683x1024.jpg 683w, https:\/\/diariodigitalmx.com\/wp-content\/uploads\/2025\/11\/IMG_6332-200x300.jpg 200w, https:\/\/diariodigitalmx.com\/wp-content\/uploads\/2025\/11\/IMG_6332-768x1152.jpg 768w, https:\/\/diariodigitalmx.com\/wp-content\/uploads\/2025\/11\/IMG_6332-1024x1536.jpg 1024w, https:\/\/diariodigitalmx.com\/wp-content\/uploads\/2025\/11\/IMG_6332-1365x2048.jpg 1365w, https:\/\/diariodigitalmx.com\/wp-content\/uploads\/2025\/11\/IMG_6332-scaled.jpg 1707w\" sizes=\"(max-width: 683px) 100vw, 683px\" \/><\/figure>\n\n\n\n<p>M\u00e1s que tratar de sacar a relucir la competitividad de los deportistas, el comit\u00e9 organizador buscar que los sacar las emociones y la salud mental y psicol\u00f3gica, que tambi\u00e9n juegan un papel importante dentro de la competencia, as\u00ed como reafirmar a la gimnasia como una actividad formativa, en un entorno ambiental sano donde el trinomio: deportistas, entrenadores y padres fortalecen su desarrollo f\u00edsico y mental<\/p>\n","protected":false},"excerpt":{"rendered":"<p>Por Ra\u00fal E. Guevara Ortiz. &#8211; Contando con el aval de la Federaci\u00f3n Mexicana de Gimnasia y con la participaci\u00f3n de destacados exponentes estatales y nacionales de esta disciplina, durante los d\u00edas 14 al 16 de noviembre se llevar\u00e1 a cabo la 1\u00aa. Copa Dinast\u00eda Gimn\u00e1stica.El Evento tambi\u00e9n denominado \u201cCopa de Ranqueo\u201d, debido a que [&hellip;]<\/p>\n","protected":false},"author":1,"featured_media":142003,"comment_status":"open","ping_status":"open","sticky":true,"template":"","format":"standard","meta":{"footnotes":""},"categories":[8,14],"tags":[],"_links":{"self":[{"href":"https:\/\/diariodigitalmx.com\/index.php\/wp-json\/wp\/v2\/posts\/142001"}],"collection":[{"href":"https:\/\/diariodigitalmx.com\/index.php\/wp-json\/wp\/v2\/posts"}],"about":[{"href":"https:\/\/diariodigitalmx.com\/index.php\/wp-json\/wp\/v2\/types\/post"}],"author":[{"embeddable":true,"href":"https:\/\/diariodigitalmx.com\/index.php\/wp-json\/wp\/v2\/users\/1"}],"replies":[{"embeddable":true,"href":"https:\/\/diariodigitalmx.com\/index.php\/wp-json\/wp\/v2\/comments?post=142001"}],"version-history":[{"count":4,"href":"https:\/\/diariodigitalmx.com\/index.php\/wp-json\/wp\/v2\/posts\/142001\/revisions"}],"predecessor-version":[{"id":142011,"href":"https:\/\/diariodigitalmx.com\/index.php\/wp-json\/wp\/v2\/posts\/142001\/revisions\/142011"}],"wp:featuredmedia":[{"embeddable":true,"href":"https:\/\/diariodigitalmx.com\/index.php\/wp-json\/wp\/v2\/media\/142003"}],"wp:attachment":[{"href":"https:\/\/diariodigitalmx.com\/index.php\/wp-json\/wp\/v2\/media?parent=142001"}],"wp:term":[{"taxonomy":"category","embeddable":true,"href":"https:\/\/diariodigitalmx.com\/index.php\/wp-json\/wp\/v2\/categories?post=142001"},{"taxonomy":"post_tag","embeddable":true,"href":"https:\/\/diariodigitalmx.com\/index.php\/wp-json\/wp\/v2\/tags?post=142001"}],"curies":[{"name":"wp","href":"https:\/\/api.w.org\/{rel}","templated":true}]}}