{"id":142119,"date":"2025-11-12T06:00:17","date_gmt":"2025-11-12T12:00:17","guid":{"rendered":"https:\/\/diariodigitalmx.com\/?p=142119"},"modified":"2025-11-12T06:01:20","modified_gmt":"2025-11-12T12:01:20","slug":"armenta-el-arrebatado","status":"publish","type":"post","link":"https:\/\/diariodigitalmx.com\/index.php\/2025\/11\/12\/armenta-el-arrebatado\/","title":{"rendered":"Armenta el arrebatado"},"content":{"rendered":"\n<p>De frente y de perfil<\/p>\n\n\n\n<p>Ram\u00f3n Zurita Sahag\u00fan<\/p>\n\n\n\n<p>La incapacidad e ineptitud mostrada por el gobernador de Puebla, Alejandro Armenta, se hace cada vez m\u00e1s notoria, as\u00ed como sus arrebatos y c\u00f3lera.<\/p>\n\n\n\n<p>Encabeza un gobierno gris\u00e1ceo, que tropieza constantemente. Se ve sin br\u00fajula, sujeto al capricho del gobernante y provocando el rechazo de aquellos que votaron por \u00e9l.<\/p>\n\n\n\n<p>Cerca de cumplir su primer a\u00f1o de gobierno, Armenta muestra que dista mucho de aquel candidato que propon\u00eda cosas buenas para el futuro del estado y sus pobladores.<\/p>\n\n\n\n<p>Tal vez, desde entonces ya era un sujeto col\u00e9rico y arrebatado, aunque no se le conoc\u00eda en forma p\u00fablica.<\/p>\n\n\n\n<p>Armenta lleg\u00f3 al gobierno estatal cargado de un costal de rencores muy grandes, deseoso de reivindicar a Mario Mar\u00edn a quien siempre reconoci\u00f3 como su jefe pol\u00edtico.<\/p>\n\n\n\n<p>Los marinistas relegados desde hace tiempo encontraron acomodo dentro del gobierno del estado, mientras que su jefe pol\u00edtico sigue recluido en un penal de alta seguridad.<\/p>\n\n\n\n<p>El hombre de mayor influencia en el equipo de gobierno es Jos\u00e9 Luis Garc\u00eda Parra \u201cEl Choco\u201d, sobrino pol\u00edtico del mismo Mario Mar\u00edn y quien se jacta de la cercan\u00eda y confianza con Armenta y se pasea sin discreci\u00f3n alguna con una bella actriz y cantante, a quien prodiga todo tipo de caprichos.<\/p>\n\n\n\n<p>Garc\u00eda Parra fue evidenciado hace un par de a\u00f1os cuando mostraba orgulloso un auto Audi 8, con precio cercano a los dos millones de pesos, siendo que su salario en el Senado de la Rep\u00fablica no le alcanzaba para ello.<\/p>\n\n\n\n<p>Es tanta la cercan\u00eda de El Choco con Alejandro Armenta que publicita anuncios espectaculares con una fotograf\u00eda superpuesta al lado de Omar Garc\u00eda y Luis Donaldo Colosio, en un mensaje subliminal como futuros contendientes presidenciales.<\/p>\n\n\n\n<p>Desde la secretar\u00eda de Seguridad Ciudadana, la figura de Omar va creciendo, mientras que Colosio hijo aprovecha su espacio del Senado de la Rep\u00fablica para manifestar su deseo de competir por la candidatura presidencial.<\/p>\n\n\n\n<p>El futuro de Garc\u00eda Parra es menos presuntuoso, ya que su aspiraci\u00f3n es la alcald\u00eda de la capital de Puebla para 2027, aprovechando el deficiente gobierno de Pepe Chedraui<\/p>\n\n\n\n<p>La mancuerna que \u201cEl Choco\u201d viene haciendo con Fernando Padilla Farf\u00e1n, patrocinador de varios pol\u00edticos de primer nivel, queda evidenciada en asuntos internos de gobierno y se comenta que en sociedad consiguieron convertirse en proveedores de medicamentos para los hospitales p\u00fablicos de Puebla.<\/p>\n\n\n\n<p>En medio de este desconcierto del gobierno poblano, el gobernador inici\u00f3 una cacer\u00eda de brujas en contra de funcionarios de los gobiernos morenistas de Luis Miguel Barbosa y Salom\u00f3n C\u00e9spedes, entre los que se encuentran exsecretarios de ambos gobierno y exalcaldes que ejercieron en esas administraciones.<\/p>\n\n\n\n<p>Lo desastroso y err\u00e1tico del gobierno de Alejandro Armenta se une a la triste gesti\u00f3n del alcalde capitalino Pepe Chedraui, considerados la peor dupla de las 32 que conforman un gobierno estatal y un alcalde de la capital del estado.<\/p>\n\n\n\n<p>&nbsp; &nbsp; &nbsp; &nbsp; &nbsp; &nbsp; &nbsp; &nbsp; &nbsp; &nbsp; &nbsp; &nbsp; &nbsp; &nbsp; &nbsp; &nbsp; &nbsp; &nbsp; &nbsp; &nbsp; &nbsp; &nbsp; &nbsp; &nbsp; &nbsp; &nbsp; &nbsp; &nbsp; &nbsp; &nbsp; &nbsp; &nbsp;\u2026\u2026\u2026\u2026\u2026\u2026\u2026\u2026\u2026\u2026\u2026\u2026\u2026..<\/p>\n\n\n\n<p>El caso del asesinato del alcalde de Uruapan, Carlos Manzo, toma nuevos derroteros, ya que los escoltas ser\u00e1n llamados a declarar nuevamente y se investiga qui\u00e9n fue el que mat\u00f3 al asesino, quien ya estaba atrapado. Tambi\u00e9n se abrir\u00e1n l\u00ednea de investigaci\u00f3n sobre algunos personajes que fueron evidenciados por Manzo en denuncias verbales.<\/p>\n\n\n\n<p>Email:&nbsp;<a href=\"mailto:ramonzurita44@hotmail.com\" target=\"_blank\" rel=\"noreferrer noopener\">ramonzurita44@hotmail.com<\/a><\/p>\n\n\n\n<p>Email:&nbsp;<a href=\"mailto:ramonzurita44@gmail.com\" target=\"_blank\" rel=\"noreferrer noopener\">ramonzurita44@gmail.com<\/a><\/p>\n","protected":false},"excerpt":{"rendered":"<p>De frente y de perfil Ram\u00f3n Zurita Sahag\u00fan La incapacidad e ineptitud mostrada por el gobernador de Puebla, Alejandro Armenta, se hace cada vez m\u00e1s notoria, as\u00ed como sus arrebatos y c\u00f3lera. Encabeza un gobierno gris\u00e1ceo, que tropieza constantemente. Se ve sin br\u00fajula, sujeto al capricho del gobernante y provocando el rechazo de aquellos que [&hellip;]<\/p>\n","protected":false},"author":1,"featured_media":142121,"comment_status":"open","ping_status":"open","sticky":true,"template":"","format":"standard","meta":{"footnotes":""},"categories":[12],"tags":[],"_links":{"self":[{"href":"https:\/\/diariodigitalmx.com\/index.php\/wp-json\/wp\/v2\/posts\/142119"}],"collection":[{"href":"https:\/\/diariodigitalmx.com\/index.php\/wp-json\/wp\/v2\/posts"}],"about":[{"href":"https:\/\/diariodigitalmx.com\/index.php\/wp-json\/wp\/v2\/types\/post"}],"author":[{"embeddable":true,"href":"https:\/\/diariodigitalmx.com\/index.php\/wp-json\/wp\/v2\/users\/1"}],"replies":[{"embeddable":true,"href":"https:\/\/diariodigitalmx.com\/index.php\/wp-json\/wp\/v2\/comments?post=142119"}],"version-history":[{"count":1,"href":"https:\/\/diariodigitalmx.com\/index.php\/wp-json\/wp\/v2\/posts\/142119\/revisions"}],"predecessor-version":[{"id":142120,"href":"https:\/\/diariodigitalmx.com\/index.php\/wp-json\/wp\/v2\/posts\/142119\/revisions\/142120"}],"wp:featuredmedia":[{"embeddable":true,"href":"https:\/\/diariodigitalmx.com\/index.php\/wp-json\/wp\/v2\/media\/142121"}],"wp:attachment":[{"href":"https:\/\/diariodigitalmx.com\/index.php\/wp-json\/wp\/v2\/media?parent=142119"}],"wp:term":[{"taxonomy":"category","embeddable":true,"href":"https:\/\/diariodigitalmx.com\/index.php\/wp-json\/wp\/v2\/categories?post=142119"},{"taxonomy":"post_tag","embeddable":true,"href":"https:\/\/diariodigitalmx.com\/index.php\/wp-json\/wp\/v2\/tags?post=142119"}],"curies":[{"name":"wp","href":"https:\/\/api.w.org\/{rel}","templated":true}]}}