{"id":142193,"date":"2025-11-13T22:45:29","date_gmt":"2025-11-14T04:45:29","guid":{"rendered":"https:\/\/diariodigitalmx.com\/?p=142193"},"modified":"2025-11-13T22:47:38","modified_gmt":"2025-11-14T04:47:38","slug":"ex-gobernador-el-bronco-y-su-ex-mujer-de-pleito-ella-lo-acusa-de-violencia-y-el-de-pretender-quitarle-una-casa","status":"publish","type":"post","link":"https:\/\/diariodigitalmx.com\/index.php\/2025\/11\/13\/ex-gobernador-el-bronco-y-su-ex-mujer-de-pleito-ella-lo-acusa-de-violencia-y-el-de-pretender-quitarle-una-casa\/","title":{"rendered":"Ex gobernador El Bronco y su ex mujer de pleito; ella lo acusa de violencia y \u00e9l de pretender quitarle una casa"},"content":{"rendered":"\n<p>Monterrey.- <strong>Adalina D\u00e1valos<\/strong>, acus\u00f3 de violencia y amenazas de muerte a su ex esposo el ex gobernador de Nuevo Le\u00f3n, Jaime Rodr\u00edguez Calder\u00f3n, luego de que ha salido a relucir la disputa por una vivienda en el municipio de Garc\u00eda, al poniente metropolitano, donde reside el llamado \u201cBronco\u201d y en donde ahora, entr\u00f3 la ex primera dama.<\/p>\n\n\n\n<p>&#8220;Esta no es una pelea por una casa. Es un acto de dignidad, de justicia y de protecci\u00f3n hacia mis hijos, frente a quien prefiere ocultar bienes antes de reconocer las consecuencias de sus actos\u201d, dice en un escruto D\u00e1valos. &#8220;No busco venganza. Busco verdad, respeto y un cierre digno para nuestra historia&#8221;, agrega.<\/p>\n\n\n\n<figure class=\"wp-block-image size-large\"><img loading=\"lazy\" decoding=\"async\" width=\"1024\" height=\"858\" src=\"https:\/\/diariodigitalmx.com\/wp-content\/uploads\/2025\/11\/13701-1024x858.jpg\" alt=\"\" class=\"wp-image-142198\" srcset=\"https:\/\/diariodigitalmx.com\/wp-content\/uploads\/2025\/11\/13701-1024x858.jpg 1024w, https:\/\/diariodigitalmx.com\/wp-content\/uploads\/2025\/11\/13701-300x251.jpg 300w, https:\/\/diariodigitalmx.com\/wp-content\/uploads\/2025\/11\/13701-768x644.jpg 768w, https:\/\/diariodigitalmx.com\/wp-content\/uploads\/2025\/11\/13701-1536x1287.jpg 1536w, https:\/\/diariodigitalmx.com\/wp-content\/uploads\/2025\/11\/13701.jpg 1600w\" sizes=\"(max-width: 1024px) 100vw, 1024px\" \/><\/figure>\n\n\n\n<p><br>En su acusaci\u00f3n de violencia se\u00f1ala que durante muchos a\u00f1os guard\u00f3 silencio frente a una serie de acciones de control y desvalorizaci\u00f3n que fueron ejercidas durante su matrimonio.<\/p>\n\n\n\n<figure class=\"wp-block-image size-large\"><img loading=\"lazy\" decoding=\"async\" width=\"1024\" height=\"986\" src=\"https:\/\/diariodigitalmx.com\/wp-content\/uploads\/2025\/11\/14613-1024x986.jpg\" alt=\"\" class=\"wp-image-142196\" srcset=\"https:\/\/diariodigitalmx.com\/wp-content\/uploads\/2025\/11\/14613-1024x986.jpg 1024w, https:\/\/diariodigitalmx.com\/wp-content\/uploads\/2025\/11\/14613-300x289.jpg 300w, https:\/\/diariodigitalmx.com\/wp-content\/uploads\/2025\/11\/14613-768x739.jpg 768w, https:\/\/diariodigitalmx.com\/wp-content\/uploads\/2025\/11\/14613.jpg 1049w\" sizes=\"(max-width: 1024px) 100vw, 1024px\" \/><\/figure>\n\n\n\n<p>&#8220;Durante muchos a\u00f1os guard\u00e9 silencio frente a una serie de acciones de violencia, control y desvalorizaci\u00f3n que se ejercieron en mi contra durante el matrimonio. Ese silencio no fue indiferencia, fue el resultado de vivir bajo el peso de la intimidaci\u00f3n, del miedo y del poder. Hoy por m\u00ed y por mis hijos he decidido recuperar mi voz\u201d, a\u00f1ade quien fuera presidenta del DIF Nuevo Le\u00f3n de 2015 a 2021.<\/p>\n\n\n\n<p>D\u00e1valos quien habita en el centro de Monterrey lleg\u00f3 hasta la casa del municipio de Garc\u00eda, donde entr\u00f3 y se resguard\u00f3, lo que provoc\u00f3 la reacci\u00f3n del Bronco, quien, a decir de la ex primera dama, la agredi\u00f3 verbalmente y hasta amenaz\u00f3 con matarla.<br>&#8220;En un tono agresivo me empieza a reclamar y ofender de por qu\u00e9 me encuentro en mi casa y elev\u00e1ndome el tono de voz, amenaz\u00e1ndome dici\u00e9ndome: &#8216;Te va llevar la chingada cabrona, me est\u00e1s robando, te voy a meter al Penal o te voy a matar'&#8221;.<\/p>\n\n\n\n<p>Tras la publicaci\u00f3n, adem\u00e1s de acusarlo de violencia D\u00e1valos afirma que el ex Gobernador prefiere ocultar bienes antes de reconocer las consecuencias de sus actos.<\/p>\n\n\n\n<p>Ambos han interpuesto denuncias y Rodr\u00edguez Calder\u00f3n acusa a su ahora ex esposa de haberlo despojado de la propiedad en la que habita, en la calle Morelos del Centro de Garc\u00eda.<\/p>\n\n\n\n<p>Adalina D\u00e1valos se\u00f1ala en la denuncia que el el 2 de noviembre llev\u00f3 a sus tres hijos menores de edad a convivir con su padre a una carrera de caballos, en San Antonio de las Encinas, Coahuila, y al regresar a Nuevo Le\u00f3n decidi\u00f3 quedarse en la casa en Garc\u00eda, pero minutos despu\u00e9s su ex marido le hizo una llamada v\u00eda telef\u00f3nica para amenazarla.<\/p>\n\n\n\n<p>La denuncia del Bronco indica que su ex mujer e hijos se retiraron de la carrera y \u00e9l se qued\u00f3, pero la seguridad de la casa le inform\u00f3 que hab\u00eda llegado la se\u00f1ora D\u00e1valos, quien ech\u00f3 a los escoltas, quienes se retiraron para evitar enfrentamiento con los de la dama.<\/p>\n\n\n\n<p>Dice que se dirigi\u00f3 a su casa y estaba una camioneta que tapaba la entrada del port\u00f3n, incluso, su ex cu\u00f1ada Corina D\u00e1valos estaba ah\u00ed y le grab\u00f3 con un celular, por lo que prefiri\u00f3 retirarse.<\/p>\n\n\n\n<p>Agrega que al d\u00eda siguiente su abogado intent\u00f3 dialogar con su ex mujer, pero no le permitieron la entrada y le dijeron con tono prepotente y altanero que tambi\u00e9n es su casa y que no se iba a salir.<\/p>\n\n\n\n<p>Corina D\u00e1valos interpuso denuncia contra El Bronco, por agresiones y presuntas lesiones ya que dijo, alcoholizado, el ex gobernador golpe\u00f3 en el brazo a su hermana.<\/p>\n","protected":false},"excerpt":{"rendered":"<p>Monterrey.- Adalina D\u00e1valos, acus\u00f3 de violencia y amenazas de muerte a su ex esposo el ex gobernador de Nuevo Le\u00f3n, Jaime Rodr\u00edguez Calder\u00f3n, luego de que ha salido a relucir la disputa por una vivienda en el municipio de Garc\u00eda, al poniente metropolitano, donde reside el llamado \u201cBronco\u201d y en donde ahora, entr\u00f3 la ex [&hellip;]<\/p>\n","protected":false},"author":1,"featured_media":142195,"comment_status":"open","ping_status":"open","sticky":true,"template":"","format":"standard","meta":{"footnotes":""},"categories":[6,3,5],"tags":[],"_links":{"self":[{"href":"https:\/\/diariodigitalmx.com\/index.php\/wp-json\/wp\/v2\/posts\/142193"}],"collection":[{"href":"https:\/\/diariodigitalmx.com\/index.php\/wp-json\/wp\/v2\/posts"}],"about":[{"href":"https:\/\/diariodigitalmx.com\/index.php\/wp-json\/wp\/v2\/types\/post"}],"author":[{"embeddable":true,"href":"https:\/\/diariodigitalmx.com\/index.php\/wp-json\/wp\/v2\/users\/1"}],"replies":[{"embeddable":true,"href":"https:\/\/diariodigitalmx.com\/index.php\/wp-json\/wp\/v2\/comments?post=142193"}],"version-history":[{"count":3,"href":"https:\/\/diariodigitalmx.com\/index.php\/wp-json\/wp\/v2\/posts\/142193\/revisions"}],"predecessor-version":[{"id":142199,"href":"https:\/\/diariodigitalmx.com\/index.php\/wp-json\/wp\/v2\/posts\/142193\/revisions\/142199"}],"wp:featuredmedia":[{"embeddable":true,"href":"https:\/\/diariodigitalmx.com\/index.php\/wp-json\/wp\/v2\/media\/142195"}],"wp:attachment":[{"href":"https:\/\/diariodigitalmx.com\/index.php\/wp-json\/wp\/v2\/media?parent=142193"}],"wp:term":[{"taxonomy":"category","embeddable":true,"href":"https:\/\/diariodigitalmx.com\/index.php\/wp-json\/wp\/v2\/categories?post=142193"},{"taxonomy":"post_tag","embeddable":true,"href":"https:\/\/diariodigitalmx.com\/index.php\/wp-json\/wp\/v2\/tags?post=142193"}],"curies":[{"name":"wp","href":"https:\/\/api.w.org\/{rel}","templated":true}]}}