{"id":1422,"date":"2019-03-22T10:58:42","date_gmt":"2019-03-22T16:58:42","guid":{"rendered":"http:\/\/diariodigitalmx.com\/?p=1422"},"modified":"2019-03-22T10:58:43","modified_gmt":"2019-03-22T16:58:43","slug":"invitan-a-certamen-de-canto-los-tres-primeros-lugares-grabaran-disco","status":"publish","type":"post","link":"https:\/\/diariodigitalmx.com\/index.php\/2019\/03\/22\/invitan-a-certamen-de-canto-los-tres-primeros-lugares-grabaran-disco\/","title":{"rendered":"Invitan a certamen de canto; los tres primeros lugares grabar\u00e1n disco"},"content":{"rendered":"\n<p>Le gusta el canto y tiene talento?, es el momento\u00a0 de encontrar una oportunidad para lograr su objetivo y dar inicio a una carrera que pudiera ser exitosa en ese dif\u00edcil mundo musical.<\/p>\n\n\n\n<p><br>No importa la edad, usted podr\u00e1 mostrar su dotes, su voz, su tonalidad y dem\u00e1s caracter\u00edsticas que hacen que un cantante sobresalga. Asista al curso de canto que la Confederaci\u00f3n Nacional de Organizaciones Populares, (CNOP) del municipio metropolitano de Santa Catarina, ha convocado para este s\u00e1bado 23 de marzo.<\/p>\n\n\n\n<p><br>&#8220;El concurso de canto de la CNOP Santa Catarina, tiene como prop\u00f3sito darle una oportunidad a la gente que desea mostrar su talento. Toda la gente del municipio puede participar, no importa la edad,en el genero musical que quieran y con libre acompa\u00f1amiento&#8221;, explica Agust\u00edn Ibarra Villal\u00f3n, secretario general de esa organizaci\u00f3n priista en esa localidad del poniente de la zona conurbada regiomontana.<\/p>\n\n\n\n<p><br>El dirigente da a conocer los incentivos para los triunfadores y que consisten en\u00a0premios significativos para quien realmente ama el canto.<br>&#8220;Los tres primeros lugares recibir\u00e1n diploma y grabar\u00e1n un disco en este certamen del Canto CNOP 2019.<\/p>\n\n\n\n<p><br>Todav\u00eda tiene usted oportunidad de inscribirse este viernes al llamar al n\u00famero 8115046996, para que est\u00e9 presente este s\u00e1bado a partir de las 9:30 horas en la sede del PRI de Santa Catarina en Zaragoza 141 con Ocampo. <\/p>\n","protected":false},"excerpt":{"rendered":"<p>Le gusta el canto y tiene talento?, es el momento\u00a0 de encontrar una oportunidad para lograr su objetivo y dar inicio a una carrera que pudiera ser exitosa en ese dif\u00edcil mundo musical. No importa la edad, usted podr\u00e1 mostrar su dotes, su voz, su tonalidad y dem\u00e1s caracter\u00edsticas que hacen que un cantante sobresalga. [&hellip;]<\/p>\n","protected":false},"author":1,"featured_media":1423,"comment_status":"open","ping_status":"open","sticky":true,"template":"","format":"standard","meta":{"footnotes":""},"categories":[6],"tags":[],"_links":{"self":[{"href":"https:\/\/diariodigitalmx.com\/index.php\/wp-json\/wp\/v2\/posts\/1422"}],"collection":[{"href":"https:\/\/diariodigitalmx.com\/index.php\/wp-json\/wp\/v2\/posts"}],"about":[{"href":"https:\/\/diariodigitalmx.com\/index.php\/wp-json\/wp\/v2\/types\/post"}],"author":[{"embeddable":true,"href":"https:\/\/diariodigitalmx.com\/index.php\/wp-json\/wp\/v2\/users\/1"}],"replies":[{"embeddable":true,"href":"https:\/\/diariodigitalmx.com\/index.php\/wp-json\/wp\/v2\/comments?post=1422"}],"version-history":[{"count":1,"href":"https:\/\/diariodigitalmx.com\/index.php\/wp-json\/wp\/v2\/posts\/1422\/revisions"}],"predecessor-version":[{"id":1424,"href":"https:\/\/diariodigitalmx.com\/index.php\/wp-json\/wp\/v2\/posts\/1422\/revisions\/1424"}],"wp:featuredmedia":[{"embeddable":true,"href":"https:\/\/diariodigitalmx.com\/index.php\/wp-json\/wp\/v2\/media\/1423"}],"wp:attachment":[{"href":"https:\/\/diariodigitalmx.com\/index.php\/wp-json\/wp\/v2\/media?parent=1422"}],"wp:term":[{"taxonomy":"category","embeddable":true,"href":"https:\/\/diariodigitalmx.com\/index.php\/wp-json\/wp\/v2\/categories?post=1422"},{"taxonomy":"post_tag","embeddable":true,"href":"https:\/\/diariodigitalmx.com\/index.php\/wp-json\/wp\/v2\/tags?post=1422"}],"curies":[{"name":"wp","href":"https:\/\/api.w.org\/{rel}","templated":true}]}}