{"id":142220,"date":"2025-11-14T20:15:10","date_gmt":"2025-11-15T02:15:10","guid":{"rendered":"https:\/\/diariodigitalmx.com\/?p=142220"},"modified":"2025-11-14T20:42:25","modified_gmt":"2025-11-15T02:42:25","slug":"define-cabildo-regio-ganadores-de-la-medalla-al-merito-medico","status":"publish","type":"post","link":"https:\/\/diariodigitalmx.com\/index.php\/2025\/11\/14\/define-cabildo-regio-ganadores-de-la-medalla-al-merito-medico\/","title":{"rendered":"Define Cabildo Regio ganadores de la Medalla al M\u00e9rito M\u00e9dico"},"content":{"rendered":"\n<figure class=\"wp-block-image size-large\"><img loading=\"lazy\" decoding=\"async\" width=\"1024\" height=\"682\" src=\"https:\/\/diariodigitalmx.com\/wp-content\/uploads\/2025\/11\/17159-1024x682.jpg\" alt=\"\" class=\"wp-image-142248\" srcset=\"https:\/\/diariodigitalmx.com\/wp-content\/uploads\/2025\/11\/17159-1024x682.jpg 1024w, https:\/\/diariodigitalmx.com\/wp-content\/uploads\/2025\/11\/17159-300x200.jpg 300w, https:\/\/diariodigitalmx.com\/wp-content\/uploads\/2025\/11\/17159-768x512.jpg 768w, https:\/\/diariodigitalmx.com\/wp-content\/uploads\/2025\/11\/17159-1536x1023.jpg 1536w, https:\/\/diariodigitalmx.com\/wp-content\/uploads\/2025\/11\/17159.jpg 1600w\" sizes=\"(max-width: 1024px) 100vw, 1024px\" \/><\/figure>\n\n\n\n<p>En la primera sesi\u00f3n ordinaria de Cabildo de noviembre, el Ayuntamiento de Monterrey en pleno aprob\u00f3 otorgar la medalla al m\u00e9rito&nbsp;\u201cDr. Carlos Canseco\u201d Edici\u00f3n 2025, a tres galardonados en las categor\u00edas de: Ejercicio de la Medicina, Investigaci\u00f3n M\u00e9dica e Instituci\u00f3n M\u00e9dica.<\/p>\n\n\n\n<p>La Sesi\u00f3n Solemne para esta presea se realizar\u00e1 en la Sala de Cabildo en fecha y hora por definir.<\/p>\n\n\n\n<p>En otra parte de la reuni\u00f3n, S\u00edndicos y Regidores autorizaron por unanimidad la quinta modificaci\u00f3n al Presupuesto de Egresos para el Ejercicio Fiscal 2025, consistente en una ampliaci\u00f3n por un monto de 217.0 millones de pesos.<\/p>\n\n\n\n<p>As\u00ed, el presupuesto de egresos vigente queda en 11.3 mil millones de pesos.<\/p>\n\n\n\n<p>De acuerdo al dictamen correspondiente, la Tesorer\u00eda inform\u00f3 de recursos disponibles provenientes de rendimientos y distintos fondos como del Ramo 28, del Fondo de Provisiones Econ\u00f3micas, de Rehabilitaci\u00f3n Vial, de la segunda etapa de los Corredores Verdes y del Fondo de Modernizaci\u00f3n y Movilidad Multimodal.<\/p>\n","protected":false},"excerpt":{"rendered":"<p>En la primera sesi\u00f3n ordinaria de Cabildo de noviembre, el Ayuntamiento de Monterrey en pleno aprob\u00f3 otorgar la medalla al m\u00e9rito&nbsp;\u201cDr. Carlos Canseco\u201d Edici\u00f3n 2025, a tres galardonados en las categor\u00edas de: Ejercicio de la Medicina, Investigaci\u00f3n M\u00e9dica e Instituci\u00f3n M\u00e9dica. La Sesi\u00f3n Solemne para esta presea se realizar\u00e1 en la Sala de Cabildo en [&hellip;]<\/p>\n","protected":false},"author":1,"featured_media":142247,"comment_status":"open","ping_status":"open","sticky":true,"template":"","format":"standard","meta":{"footnotes":""},"categories":[6],"tags":[],"_links":{"self":[{"href":"https:\/\/diariodigitalmx.com\/index.php\/wp-json\/wp\/v2\/posts\/142220"}],"collection":[{"href":"https:\/\/diariodigitalmx.com\/index.php\/wp-json\/wp\/v2\/posts"}],"about":[{"href":"https:\/\/diariodigitalmx.com\/index.php\/wp-json\/wp\/v2\/types\/post"}],"author":[{"embeddable":true,"href":"https:\/\/diariodigitalmx.com\/index.php\/wp-json\/wp\/v2\/users\/1"}],"replies":[{"embeddable":true,"href":"https:\/\/diariodigitalmx.com\/index.php\/wp-json\/wp\/v2\/comments?post=142220"}],"version-history":[{"count":2,"href":"https:\/\/diariodigitalmx.com\/index.php\/wp-json\/wp\/v2\/posts\/142220\/revisions"}],"predecessor-version":[{"id":142249,"href":"https:\/\/diariodigitalmx.com\/index.php\/wp-json\/wp\/v2\/posts\/142220\/revisions\/142249"}],"wp:featuredmedia":[{"embeddable":true,"href":"https:\/\/diariodigitalmx.com\/index.php\/wp-json\/wp\/v2\/media\/142247"}],"wp:attachment":[{"href":"https:\/\/diariodigitalmx.com\/index.php\/wp-json\/wp\/v2\/media?parent=142220"}],"wp:term":[{"taxonomy":"category","embeddable":true,"href":"https:\/\/diariodigitalmx.com\/index.php\/wp-json\/wp\/v2\/categories?post=142220"},{"taxonomy":"post_tag","embeddable":true,"href":"https:\/\/diariodigitalmx.com\/index.php\/wp-json\/wp\/v2\/tags?post=142220"}],"curies":[{"name":"wp","href":"https:\/\/api.w.org\/{rel}","templated":true}]}}