{"id":142261,"date":"2025-11-15T19:32:45","date_gmt":"2025-11-16T01:32:45","guid":{"rendered":"https:\/\/diariodigitalmx.com\/?p=142261"},"modified":"2025-11-15T20:08:15","modified_gmt":"2025-11-16T02:08:15","slug":"asi-las-marchas-en-nl","status":"publish","type":"post","link":"https:\/\/diariodigitalmx.com\/index.php\/2025\/11\/15\/asi-las-marchas-en-nl\/","title":{"rendered":"As\u00ed las marchas en NL; despotrican contra el r\u00e9gimen federal"},"content":{"rendered":"\n<p>Monterrey. \u2013 \u00a0Al grito de que no son bots, sino personas reales y con las\u00a0las consignas de \u201c<strong>Fuera Morena<\/strong>&#8221; y &#8220;El pueblo unido jam\u00e1s ser\u00e1 vencido&#8221;, decenas de personas marcharon y luego se concentraron en la Gran Plaza, en la Explanada de Los H\u00e9roes, donde exigieron justicia por la muerte de Carlos Manzo, Alcalde Uruapan, Michoac\u00e1n y exigieron adem\u00e1s la pacificaci\u00f3n del Pa\u00eds.<\/p>\n\n\n\n<figure class=\"wp-block-image size-large\"><img loading=\"lazy\" decoding=\"async\" width=\"1024\" height=\"768\" src=\"https:\/\/diariodigitalmx.com\/wp-content\/uploads\/2025\/11\/18824-1024x768.jpg\" alt=\"\" class=\"wp-image-142283\" srcset=\"https:\/\/diariodigitalmx.com\/wp-content\/uploads\/2025\/11\/18824-1024x768.jpg 1024w, https:\/\/diariodigitalmx.com\/wp-content\/uploads\/2025\/11\/18824-300x225.jpg 300w, https:\/\/diariodigitalmx.com\/wp-content\/uploads\/2025\/11\/18824-768x576.jpg 768w, https:\/\/diariodigitalmx.com\/wp-content\/uploads\/2025\/11\/18824-1536x1152.jpg 1536w, https:\/\/diariodigitalmx.com\/wp-content\/uploads\/2025\/11\/18824.jpg 1600w\" sizes=\"(max-width: 1024px) 100vw, 1024px\" \/><\/figure>\n\n\n\n<p>Convocados por \u201cMovimiento del Sombrero\u201d, as\u00ed como otras organizaciones entre ellas Chalecos M\u00e9xico y Generaci\u00f3n Z, cuyos integrantes participaron en la marcha para despu\u00e9s tener la propia por la tarde, criticaron la pol\u00edtica gubernamental federal y consideraron un fracaso el gobierno de Claudia Sheinbaum, por lo que solicitaron su destituci\u00f3n.<\/p>\n\n\n\n<p>El contingente camin\u00f3 por la calle Zaragoza desde la calle Washington a espaldas del palacio de Gobierno estatal para doblar en el Palacio Municipal y retornar por Zuazua hasta llegar nuevamente a la Explanada de los H\u00e9roes para su concentraci\u00f3n.<\/p>\n\n\n\n<figure class=\"wp-block-gallery has-nested-images columns-default is-cropped wp-block-gallery-1 is-layout-flex wp-block-gallery-is-layout-flex\">\n<figure class=\"wp-block-image size-large\"><img loading=\"lazy\" decoding=\"async\" width=\"576\" height=\"1024\" data-id=\"142286\" src=\"https:\/\/diariodigitalmx.com\/wp-content\/uploads\/2025\/11\/18833-576x1024.jpg\" alt=\"\" class=\"wp-image-142286\" srcset=\"https:\/\/diariodigitalmx.com\/wp-content\/uploads\/2025\/11\/18833-576x1024.jpg 576w, https:\/\/diariodigitalmx.com\/wp-content\/uploads\/2025\/11\/18833-169x300.jpg 169w, https:\/\/diariodigitalmx.com\/wp-content\/uploads\/2025\/11\/18833-768x1365.jpg 768w, https:\/\/diariodigitalmx.com\/wp-content\/uploads\/2025\/11\/18833-864x1536.jpg 864w, https:\/\/diariodigitalmx.com\/wp-content\/uploads\/2025\/11\/18833.jpg 900w\" sizes=\"(max-width: 576px) 100vw, 576px\" \/><\/figure>\n\n\n\n<figure class=\"wp-block-image size-large\"><img loading=\"lazy\" decoding=\"async\" width=\"1024\" height=\"768\" data-id=\"142287\" src=\"https:\/\/diariodigitalmx.com\/wp-content\/uploads\/2025\/11\/18745-1024x768.jpg\" alt=\"\" class=\"wp-image-142287\" srcset=\"https:\/\/diariodigitalmx.com\/wp-content\/uploads\/2025\/11\/18745-1024x768.jpg 1024w, https:\/\/diariodigitalmx.com\/wp-content\/uploads\/2025\/11\/18745-300x225.jpg 300w, https:\/\/diariodigitalmx.com\/wp-content\/uploads\/2025\/11\/18745-768x576.jpg 768w, https:\/\/diariodigitalmx.com\/wp-content\/uploads\/2025\/11\/18745-1536x1152.jpg 1536w, https:\/\/diariodigitalmx.com\/wp-content\/uploads\/2025\/11\/18745.jpg 1600w\" sizes=\"(max-width: 1024px) 100vw, 1024px\" \/><\/figure>\n\n\n\n<figure class=\"wp-block-image size-large\"><img loading=\"lazy\" decoding=\"async\" width=\"1024\" height=\"576\" data-id=\"142285\" src=\"https:\/\/diariodigitalmx.com\/wp-content\/uploads\/2025\/11\/18080-1024x576.jpg\" alt=\"\" class=\"wp-image-142285\" srcset=\"https:\/\/diariodigitalmx.com\/wp-content\/uploads\/2025\/11\/18080-1024x576.jpg 1024w, https:\/\/diariodigitalmx.com\/wp-content\/uploads\/2025\/11\/18080-300x169.jpg 300w, https:\/\/diariodigitalmx.com\/wp-content\/uploads\/2025\/11\/18080-768x432.jpg 768w, https:\/\/diariodigitalmx.com\/wp-content\/uploads\/2025\/11\/18080-1536x864.jpg 1536w, https:\/\/diariodigitalmx.com\/wp-content\/uploads\/2025\/11\/18080.jpg 1599w\" sizes=\"(max-width: 1024px) 100vw, 1024px\" \/><\/figure>\n<\/figure>\n\n\n\n<p>En la concentraci\u00f3n hubo desde adultos mayores hasta j\u00f3venes y ni\u00f1os que acompa\u00f1aron a sus padres.<\/p>\n\n\n\n<p>Algunos de los oradores exigieron que se vaya la presidenta de la Rep\u00fablica, se lamentaron de que la violencia en el Pa\u00eds vaya en crecimiento en tanto el gobierno pareciera que est\u00e1 del lado de los criminales y no del pueblo.<\/p>\n\n\n\n<p>Insistieron en que las pruebas del rechazo a la pol\u00edtica federal son aut\u00e9nticas y demandaron que, en vez de dividir y buscar culpables y responsables entre sus opositores, Sheinbaum se defina, deje de responder y rendir pleites\u00edas al ex presidente L\u00f3pez Obrador y act\u00fae en favor de M\u00e9xico y la gente.<\/p>\n\n\n\n<p>Algunos m\u00e1s convocaron a no hacer el juego a los grandes comerciantes y pidieron no hacer compras en el Gran Fin para no aportar m\u00e1s impuestos al gobierno, los que, acusan, son desviados en actos corruptos.<\/p>\n","protected":false},"excerpt":{"rendered":"<p>Monterrey. \u2013 \u00a0Al grito de que no son bots, sino personas reales y con las\u00a0las consignas de \u201cFuera Morena&#8221; y &#8220;El pueblo unido jam\u00e1s ser\u00e1 vencido&#8221;, decenas de personas marcharon y luego se concentraron en la Gran Plaza, en la Explanada de Los H\u00e9roes, donde exigieron justicia por la muerte de Carlos Manzo, Alcalde Uruapan, [&hellip;]<\/p>\n","protected":false},"author":1,"featured_media":142280,"comment_status":"open","ping_status":"open","sticky":true,"template":"","format":"standard","meta":{"footnotes":""},"categories":[6,3,5],"tags":[],"_links":{"self":[{"href":"https:\/\/diariodigitalmx.com\/index.php\/wp-json\/wp\/v2\/posts\/142261"}],"collection":[{"href":"https:\/\/diariodigitalmx.com\/index.php\/wp-json\/wp\/v2\/posts"}],"about":[{"href":"https:\/\/diariodigitalmx.com\/index.php\/wp-json\/wp\/v2\/types\/post"}],"author":[{"embeddable":true,"href":"https:\/\/diariodigitalmx.com\/index.php\/wp-json\/wp\/v2\/users\/1"}],"replies":[{"embeddable":true,"href":"https:\/\/diariodigitalmx.com\/index.php\/wp-json\/wp\/v2\/comments?post=142261"}],"version-history":[{"count":3,"href":"https:\/\/diariodigitalmx.com\/index.php\/wp-json\/wp\/v2\/posts\/142261\/revisions"}],"predecessor-version":[{"id":142288,"href":"https:\/\/diariodigitalmx.com\/index.php\/wp-json\/wp\/v2\/posts\/142261\/revisions\/142288"}],"wp:featuredmedia":[{"embeddable":true,"href":"https:\/\/diariodigitalmx.com\/index.php\/wp-json\/wp\/v2\/media\/142280"}],"wp:attachment":[{"href":"https:\/\/diariodigitalmx.com\/index.php\/wp-json\/wp\/v2\/media?parent=142261"}],"wp:term":[{"taxonomy":"category","embeddable":true,"href":"https:\/\/diariodigitalmx.com\/index.php\/wp-json\/wp\/v2\/categories?post=142261"},{"taxonomy":"post_tag","embeddable":true,"href":"https:\/\/diariodigitalmx.com\/index.php\/wp-json\/wp\/v2\/tags?post=142261"}],"curies":[{"name":"wp","href":"https:\/\/api.w.org\/{rel}","templated":true}]}}