{"id":142300,"date":"2025-11-15T20:46:30","date_gmt":"2025-11-16T02:46:30","guid":{"rendered":"https:\/\/diariodigitalmx.com\/?p=142300"},"modified":"2025-11-15T21:02:04","modified_gmt":"2025-11-16T03:02:04","slug":"teser-organizaciones-vecinales-ha-ganado-la-confianza-de-las-familias-metropolitanas-necesitadas-de-apoyo-social","status":"publish","type":"post","link":"https:\/\/diariodigitalmx.com\/index.php\/2025\/11\/15\/teser-organizaciones-vecinales-ha-ganado-la-confianza-de-las-familias-metropolitanas-necesitadas-de-apoyo-social\/","title":{"rendered":"\u201cTESER\u201d, organizaciones vecinales, ha ganado la confianza de las familias metropolitanas necesitadas de apoyo social"},"content":{"rendered":"\n<p>\u201cTESER\u201d es una iniciativa creada por el secretario del Transporte de la CROC, Osvaldo Serna quien, entrevistado, afirm\u00f3 que es un programa realizado con recursos propios en una extensi\u00f3n de la gesti\u00f3n t\u00edpica del sindicalismo de defensa de los trabajadores.<\/p>\n\n\n\n<p>Somos un concepto de organizaciones vecinales basado en la participaci\u00f3n de la misma gente a la que se le apoya de manera incondicional, agreg\u00f3.<\/p>\n\n\n\n<figure class=\"wp-block-image size-full\"><img loading=\"lazy\" decoding=\"async\" width=\"962\" height=\"916\" src=\"https:\/\/diariodigitalmx.com\/wp-content\/uploads\/2025\/11\/564636721_1273876314775620_2339742329705599560_n.jpg\" alt=\"\" class=\"wp-image-142311\" srcset=\"https:\/\/diariodigitalmx.com\/wp-content\/uploads\/2025\/11\/564636721_1273876314775620_2339742329705599560_n.jpg 962w, https:\/\/diariodigitalmx.com\/wp-content\/uploads\/2025\/11\/564636721_1273876314775620_2339742329705599560_n-300x286.jpg 300w, https:\/\/diariodigitalmx.com\/wp-content\/uploads\/2025\/11\/564636721_1273876314775620_2339742329705599560_n-768x731.jpg 768w\" sizes=\"(max-width: 962px) 100vw, 962px\" \/><\/figure>\n\n\n\n<p>Diario recibimos llamados de vecinos en busca de apoyos o gestiones de distinta \u00edndole como el sentido problema de las medicinas, equipos para la movilidad de las personas como andadores, muletas; tambi\u00e9n se otorgan despensas y brindamos informaci\u00f3n relacionada con asuntos de tr\u00e1mites, abund\u00f3 Serna quien en la \u00faltima semana recibi\u00f3 vecinos en la CROC.<\/p>\n\n\n\n<figure class=\"wp-block-gallery has-nested-images columns-default is-cropped wp-block-gallery-1 is-layout-flex wp-block-gallery-is-layout-flex\">\n<figure class=\"wp-block-image size-large\"><img loading=\"lazy\" decoding=\"async\" width=\"768\" height=\"1024\" data-id=\"142308\" src=\"https:\/\/diariodigitalmx.com\/wp-content\/uploads\/2025\/11\/559868884_1267493242080594_6791404956916064122_n-768x1024.jpg\" alt=\"\" class=\"wp-image-142308\" srcset=\"https:\/\/diariodigitalmx.com\/wp-content\/uploads\/2025\/11\/559868884_1267493242080594_6791404956916064122_n-768x1024.jpg 768w, https:\/\/diariodigitalmx.com\/wp-content\/uploads\/2025\/11\/559868884_1267493242080594_6791404956916064122_n-225x300.jpg 225w, https:\/\/diariodigitalmx.com\/wp-content\/uploads\/2025\/11\/559868884_1267493242080594_6791404956916064122_n-1152x1536.jpg 1152w, https:\/\/diariodigitalmx.com\/wp-content\/uploads\/2025\/11\/559868884_1267493242080594_6791404956916064122_n.jpg 1536w\" sizes=\"(max-width: 768px) 100vw, 768px\" \/><\/figure>\n\n\n\n<figure class=\"wp-block-image size-large\"><img loading=\"lazy\" decoding=\"async\" width=\"768\" height=\"1024\" data-id=\"142307\" src=\"https:\/\/diariodigitalmx.com\/wp-content\/uploads\/2025\/11\/577975432_1292478069582111_8032923530238159304_n-768x1024.jpg\" alt=\"\" class=\"wp-image-142307\" srcset=\"https:\/\/diariodigitalmx.com\/wp-content\/uploads\/2025\/11\/577975432_1292478069582111_8032923530238159304_n-768x1024.jpg 768w, https:\/\/diariodigitalmx.com\/wp-content\/uploads\/2025\/11\/577975432_1292478069582111_8032923530238159304_n-225x300.jpg 225w, https:\/\/diariodigitalmx.com\/wp-content\/uploads\/2025\/11\/577975432_1292478069582111_8032923530238159304_n-1152x1536.jpg 1152w, https:\/\/diariodigitalmx.com\/wp-content\/uploads\/2025\/11\/577975432_1292478069582111_8032923530238159304_n.jpg 1536w\" sizes=\"(max-width: 768px) 100vw, 768px\" \/><\/figure>\n<\/figure>\n\n\n\n<p>La gente viene, algunos con mucho esfuerzo f\u00edsico porque tienen dificultades de salud y de movilidad, y se agradece su presencia, coment\u00f3 Osvaldo Serna al enfatizar, sin embargo, que cada semana las organizaciones vecinales \u201cTESER\u201d llevan los apoyos de manera directa a los barrios y colonias.<\/p>\n\n\n\n<p>Los vecinos nos han identificado como una instituci\u00f3n social confiable y nos llaman para que vayamos a los barrios y estamos presentes, destac\u00f3 el dirigente de trabajadores.<\/p>\n","protected":false},"excerpt":{"rendered":"<p>\u201cTESER\u201d es una iniciativa creada por el secretario del Transporte de la CROC, Osvaldo Serna quien, entrevistado, afirm\u00f3 que es un programa realizado con recursos propios en una extensi\u00f3n de la gesti\u00f3n t\u00edpica del sindicalismo de defensa de los trabajadores. Somos un concepto de organizaciones vecinales basado en la participaci\u00f3n de la misma gente a [&hellip;]<\/p>\n","protected":false},"author":1,"featured_media":142305,"comment_status":"open","ping_status":"open","sticky":false,"template":"","format":"standard","meta":{"footnotes":""},"categories":[6],"tags":[],"_links":{"self":[{"href":"https:\/\/diariodigitalmx.com\/index.php\/wp-json\/wp\/v2\/posts\/142300"}],"collection":[{"href":"https:\/\/diariodigitalmx.com\/index.php\/wp-json\/wp\/v2\/posts"}],"about":[{"href":"https:\/\/diariodigitalmx.com\/index.php\/wp-json\/wp\/v2\/types\/post"}],"author":[{"embeddable":true,"href":"https:\/\/diariodigitalmx.com\/index.php\/wp-json\/wp\/v2\/users\/1"}],"replies":[{"embeddable":true,"href":"https:\/\/diariodigitalmx.com\/index.php\/wp-json\/wp\/v2\/comments?post=142300"}],"version-history":[{"count":3,"href":"https:\/\/diariodigitalmx.com\/index.php\/wp-json\/wp\/v2\/posts\/142300\/revisions"}],"predecessor-version":[{"id":142312,"href":"https:\/\/diariodigitalmx.com\/index.php\/wp-json\/wp\/v2\/posts\/142300\/revisions\/142312"}],"wp:featuredmedia":[{"embeddable":true,"href":"https:\/\/diariodigitalmx.com\/index.php\/wp-json\/wp\/v2\/media\/142305"}],"wp:attachment":[{"href":"https:\/\/diariodigitalmx.com\/index.php\/wp-json\/wp\/v2\/media?parent=142300"}],"wp:term":[{"taxonomy":"category","embeddable":true,"href":"https:\/\/diariodigitalmx.com\/index.php\/wp-json\/wp\/v2\/categories?post=142300"},{"taxonomy":"post_tag","embeddable":true,"href":"https:\/\/diariodigitalmx.com\/index.php\/wp-json\/wp\/v2\/tags?post=142300"}],"curies":[{"name":"wp","href":"https:\/\/api.w.org\/{rel}","templated":true}]}}