{"id":142369,"date":"2025-11-17T00:15:00","date_gmt":"2025-11-17T06:15:00","guid":{"rendered":"https:\/\/diariodigitalmx.com\/?p=142369"},"modified":"2025-11-17T00:18:29","modified_gmt":"2025-11-17T06:18:29","slug":"la-llorona","status":"publish","type":"post","link":"https:\/\/diariodigitalmx.com\/index.php\/2025\/11\/17\/la-llorona\/","title":{"rendered":"La Llorona"},"content":{"rendered":"\n<h1 class=\"wp-block-heading\"><\/h1>\n\n\n\n<p>Anoche fuimos en familia a ver el reencuentro de exalumnos del ITESM en Ra\u00edces, quien por cierto cumple 30 a\u00f1os y nos deleitamos con la m\u00fasica, el canto y el baile folkl\u00f3rico que nos hizo recordar la danza t\u00edpica no solo del Noreste sino de todo M\u00e9xico y parte de Latinoam\u00e9rica.<\/p>\n\n\n\n<p>En el eco del espect\u00e1culo de Leyendas y Costumbres, me estremeci\u00f3 la interpretaci\u00f3n de La Llorona. Espiritualmente, mientras oraba al escuchar su lamento y reprender todo esp\u00edritu de muerte, el Se\u00f1or despert\u00f3 una compasi\u00f3n al identificar un patr\u00f3n no solo en la historia a lo largo de todo el territorio latinoamericano, sino adem\u00e1s, a trav\u00e9s del tiempo.<\/p>\n\n\n\n<p>La historia de \u201cLa Llorona\u201d se repite cada vez m\u00e1s seguido, y me temo que lo seguir\u00e1 haciendo bajo una nueva modalidad.<\/p>\n\n\n\n<p>Mujeres que en un momento de locura y desesperaci\u00f3n, mataron al fruto de su vientre: sus propios hijos.<\/p>\n\n\n\n<p>Mujeres que cuando vuelven en s\u00ed, lloran por ellos, porque no &#8220;interrumpieron&#8221; nada sino que acabaron con todo y el verdadero dolor comenz\u00f3 haci\u00e9ndolas penar y convertirse en una sombra de lo que una vez fueron.<\/p>\n\n\n\n<p>Es impresionante c\u00f3mo Dios te hace mirar con amor a los que est\u00e1n heridos y lloran de dolor por las decisiones equivocadas, forzadas o no.<\/p>\n\n\n\n<p>Hoy muchas mujeres siguen, como la Llorona, penando por sus hijos muertos, porque las entra\u00f1as tienen memoria y el recuerdo martilla la conciencia, porque nuestro vientre sabe que hubo vida y termin\u00f3 en muerte. Muchas otras a\u00fan est\u00e1n en un letargo que no las ha hecho despertar, pero cuando lo hagan vendr\u00e1 el dolor y la condenaci\u00f3n, porque el coraz\u00f3n es enga\u00f1oso.<\/p>\n\n\n\n<p>Oro por todas aquellas mujeres que siendo enga\u00f1adas (aunque crean que est\u00e1n bien informadas) tomaron decisiones equivocadas para que cuando vuelvan en s\u00ed, encuentren la redenci\u00f3n en Cristo.<\/p>\n\n\n\n<p>Ning\u00fan cristiano que haya conocido verdaderamente a Jes\u00fas desear\u00eda que fueran consumidos del dolor, sino que fueran libres de \u00e9l y experimentaran la redenci\u00f3n que Jesucristo nos vino a dar a trav\u00e9s de la cruz y la resurrecci\u00f3n.<\/p>\n\n\n\n<p>El regalo de la paz est\u00e1 disponible para todo el que cree que Jes\u00fas es el Hijo de Dios y quiere dejar todo atr\u00e1s para acercarse a \u00c9l y seguirlo.<\/p>\n\n\n\n<p>A todo hombre o mujer, si est\u00e1 sufriendo por una decisi\u00f3n equivocada, Jes\u00fas es el camino a la sanidad, nada ni nadie m\u00e1s lograr\u00e1 sanar tu coraz\u00f3n, solo Cristo. Ya no llores, vuelve, te esperamos, es tiempo de comenzar de nuevo, pero solo lo lograr\u00e1s en Jes\u00fas.<\/p>\n\n\n\n<p>Enjugar\u00e1 Dios toda l\u00e1grima de los ojos de ellos; y ya no habr\u00e1 muerte, ni habr\u00e1 m\u00e1s llanto, ni clamor, ni dolor; porque las primeras cosas pasaron. Apocalipsis 21:4<\/p>\n\n\n\n<p>\u00bfCree esto? Hable con Dios, lea la Biblia y desc\u00fabralo.&nbsp; Solo la Verdad nos har\u00e1 verdaderamente libres.Email&nbsp;<a href=\"mailto:mujervirtuosa@instruccionespersonales.com\" target=\"_blank\" rel=\"noreferrer noopener\">mujervirtuosa@instruccionespersonales.com<\/a><br>Facebook e Instagram, @<a href=\"https:\/\/www.facebook.com\/InstruccionesPersonales\" target=\"_blank\" rel=\"noreferrer noopener\">InstruccionesPersonales<\/a><\/p>\n","protected":false},"excerpt":{"rendered":"<p>Anoche fuimos en familia a ver el reencuentro de exalumnos del ITESM en Ra\u00edces, quien por cierto cumple 30 a\u00f1os y nos deleitamos con la m\u00fasica, el canto y el baile folkl\u00f3rico que nos hizo recordar la danza t\u00edpica no solo del Noreste sino de todo M\u00e9xico y parte de Latinoam\u00e9rica. En el eco del [&hellip;]<\/p>\n","protected":false},"author":1,"featured_media":142172,"comment_status":"open","ping_status":"open","sticky":true,"template":"","format":"standard","meta":{"footnotes":""},"categories":[14,12],"tags":[],"_links":{"self":[{"href":"https:\/\/diariodigitalmx.com\/index.php\/wp-json\/wp\/v2\/posts\/142369"}],"collection":[{"href":"https:\/\/diariodigitalmx.com\/index.php\/wp-json\/wp\/v2\/posts"}],"about":[{"href":"https:\/\/diariodigitalmx.com\/index.php\/wp-json\/wp\/v2\/types\/post"}],"author":[{"embeddable":true,"href":"https:\/\/diariodigitalmx.com\/index.php\/wp-json\/wp\/v2\/users\/1"}],"replies":[{"embeddable":true,"href":"https:\/\/diariodigitalmx.com\/index.php\/wp-json\/wp\/v2\/comments?post=142369"}],"version-history":[{"count":1,"href":"https:\/\/diariodigitalmx.com\/index.php\/wp-json\/wp\/v2\/posts\/142369\/revisions"}],"predecessor-version":[{"id":142370,"href":"https:\/\/diariodigitalmx.com\/index.php\/wp-json\/wp\/v2\/posts\/142369\/revisions\/142370"}],"wp:featuredmedia":[{"embeddable":true,"href":"https:\/\/diariodigitalmx.com\/index.php\/wp-json\/wp\/v2\/media\/142172"}],"wp:attachment":[{"href":"https:\/\/diariodigitalmx.com\/index.php\/wp-json\/wp\/v2\/media?parent=142369"}],"wp:term":[{"taxonomy":"category","embeddable":true,"href":"https:\/\/diariodigitalmx.com\/index.php\/wp-json\/wp\/v2\/categories?post=142369"},{"taxonomy":"post_tag","embeddable":true,"href":"https:\/\/diariodigitalmx.com\/index.php\/wp-json\/wp\/v2\/tags?post=142369"}],"curies":[{"name":"wp","href":"https:\/\/api.w.org\/{rel}","templated":true}]}}