{"id":142371,"date":"2025-11-17T00:15:54","date_gmt":"2025-11-17T06:15:54","guid":{"rendered":"https:\/\/diariodigitalmx.com\/?p=142371"},"modified":"2025-11-17T00:17:15","modified_gmt":"2025-11-17T06:17:15","slug":"ninguna-conspiracion","status":"publish","type":"post","link":"https:\/\/diariodigitalmx.com\/index.php\/2025\/11\/17\/ninguna-conspiracion\/","title":{"rendered":"Ninguna conspiraci\u00f3n"},"content":{"rendered":"\n<p>En el fondo no hay hechos buenos, ni malos, solo consecuencias: Friedrich Nietzsche<\/p>\n\n\n\n<p>Por Manuel CARMONA<\/p>\n\n\n\n<p>Por regla general cuando se priva de la vida a una persona siempre hay consecuencias, unas m\u00e1s que otras, pero todos sabemos que algo ocurre, por eso me cuesta tanto trabajo entender porque en Palacio Nacional provoc\u00f3 tanto revuelo y especulaciones, la marcha ciudadana que fue convocada&nbsp; para el pasado 15 de noviembre, a fin de expresar una condena por el ataque en el que perdi\u00f3 la vida el Presidente Municipal de Uruapan Carlos Manzo, cuando es de lo m\u00e1s natural del mundo que al ser una figura p\u00fablica sobrevendr\u00eda alg\u00fan tipo de reacci\u00f3n.<\/p>\n\n\n\n<p>Si bien es cierto en un primer momento la marcha fue convocada por un grupo de j\u00f3venes que se ostentaron como la generaci\u00f3n Z, de inmediato se sumaron algunos integrantes del llamado movimiento del Sombrero en Uruapan, tambi\u00e9n un grupo de m\u00e9dicos que se duelen de falta de pagos y acoso laboral, alguna que otra figura de la pol\u00edtica local y nacional como el ex Presidente Vicente Fox, adem\u00e1s del intenso proselitismo por parte del empresario Ricardo Salinas Pliego, pero tambi\u00e9n se produjo una gran respuesta de muchas expresiones de la sociedad civil, a consecuencia del hartazgo que ha ido en aumento por el tema de la inseguridad sin ning\u00fan control en el pa\u00eds..<\/p>\n\n\n\n<p>En resumen, en muy pocos d\u00edas el llamado transit\u00f3 hacia una movilizaci\u00f3n heterog\u00e9nea y as\u00ed ocurri\u00f3. Una gran concurrencia en todas las ciudades donde se anunciaron marchas y con sus salvedades como es el caso de la ciudad de M\u00e9xico, en donde s\u00ed se produjo un enfrentamiento de algunos manifestantes con los granaderos, en t\u00e9rminos generales en casi todas partes las protestas se llevaron a cabo en relativa calma, a diferencia de los actos de vandalismo que s\u00ed se registraron en otros estados de la rep\u00fablica mexicana, en los d\u00edas subsecuentes a la ejecuci\u00f3n del Presidente Municipal el pasado s\u00e1bado primero de noviembre.<\/p>\n\n\n\n<p>Sin embargo si revisamos la historia universal todos los cr\u00edmenes pol\u00edticos han tenido un alto costo. Cuando asesinaron a Julio C\u00e9sar en el Senado, se acab\u00f3 la rep\u00fablica romana, sobrevino una tercera guerra civil y muchos a\u00f1os de turbulencia y desconcierto hasta la instauraci\u00f3n del&nbsp; Imperio por parte de Octavio C\u00e9sar Augusto.<\/p>\n\n\n\n<p>Cuando asesinaron al archiduque Francisco Fernando y a su esposa Sof\u00eda en Sarajevo en 1914, se dio el estallido de la primera guerra mundial donde perdieron la vida millones de personas y la destrucci\u00f3n de la econom\u00eda&nbsp; europea durante much\u00edsimo tiempo.<\/p>\n\n\n\n<p>El crimen del Presidente Francisco I. Madero en 1913 reactiv\u00f3 y prolong\u00f3 el conflicto revolucionario al menos una d\u00e9cada m\u00e1s, lo que&nbsp; trajo como consecuencia la muerte de aproximadamente un mill\u00f3n y medio de mexicanos, debido al periodo de inestabilidad que&nbsp; produjo ese golpe de estado.<\/p>\n\n\n\n<p>La muerte violenta de Mahatma Ghandi en 1948 provoc\u00f3 un largo periodo de tensi\u00f3n y conflicto que dej\u00f3 15 millones de desplazados, adem\u00e1s de una inestabilidad que signific\u00f3 el m\u00e1s importante punto de inflexi\u00f3n en la historia de la India.<\/p>\n\n\n\n<p>Hay un caso inusual, el asesinato de Martin Luther King, que no provoc\u00f3 ninguna revoluci\u00f3n, ni ocasion\u00f3 miles de muertos, pero cambi\u00f3 la fisonom\u00eda pol\u00edtica de los Estados Unidos. El ataque en el cual perdi\u00f3 la vida el activista, tuvo una poderosa influencia social que deton\u00f3 un creciente avance en la lucha contra la discriminaci\u00f3n y en el respeto a las libertades y a los derechos civiles en el pa\u00eds m\u00e1s poderoso del mundo.<\/p>\n\n\n\n<p>El atentado contra el candidato presidencial del PRI Luis Donaldo Colosio el 23 de marzo de 1994, abri\u00f3 una profunda herida al sistema pol\u00edtico mexicano, adem\u00e1s que desat\u00f3 una espiral de violencia y un prolongado periodo de INESTABILIDAD en el cual seguimos atrapados.<\/p>\n\n\n\n<p>En conclusi\u00f3n: despu\u00e9s de haber recordado someramente la inesperada muerte&nbsp; de algunos personajes a lo largo de la historia y sus efectos en el tiempo y en el contexto social en el cual ocurrieron, no veo porque nadie del equipo m\u00e1s cercano a la Presidenta&nbsp; Claudia Sheimbaun le ha dicho que la ejecuci\u00f3n de Carlos Manzo traer\u00eda consigo inevitablemente una serie de repercusiones y alineamientos en el tablero del poder, en el corto y en el mediano plazo y que la marcha del 15 de noviembre apenas ha sido el primer s\u00edntoma.<\/p>\n\n\n\n<p>Por lo tanto no existe ninguna conspiraci\u00f3n de car\u00e1cter internacional, ni fuerzas oscuras, ni enemigos invisibles, solo CONSECUENCIAS de lo ocurrido. Lo que s\u00ed hay, son OPOSITORES de carne y hueso incluso dentro de su mismo partido, adem\u00e1s de los externos, de derecha, del centro, grupos radicales etc. que aprovechar\u00e1n la oportunidad de manera natural (esa es su funci\u00f3n en el ecosistema pol\u00edtico) para tratar de exponer los errores y omisiones previos al crimen y el manejo posterior que se haga con cargo a la investigaci\u00f3n.<\/p>\n\n\n\n<p>La lecci\u00f3n de esta marcha no es quien la convoc\u00f3, eso es completamente irrelevante, lo fundamental, es s\u00ed hubo \u00f3 no hubo&nbsp; respuesta de la gente. La informaci\u00f3n es para analizarla, no para desestimarla, para hacer lo que se tenga que hacer, para corregir el rumbo si se identifica la necesidad de hacer ajustes y dejar de culpar a todo mundo de los errores propios y de las malas DECISIONES\u2026..<\/p>\n\n\n\n<p>* El autor es abogado, escritor y analista pol\u00edtico.<\/p>\n","protected":false},"excerpt":{"rendered":"<p>En el fondo no hay hechos buenos, ni malos, solo consecuencias: Friedrich Nietzsche Por Manuel CARMONA Por regla general cuando se priva de la vida a una persona siempre hay consecuencias, unas m\u00e1s que otras, pero todos sabemos que algo ocurre, por eso me cuesta tanto trabajo entender porque en Palacio Nacional provoc\u00f3 tanto revuelo [&hellip;]<\/p>\n","protected":false},"author":1,"featured_media":142373,"comment_status":"open","ping_status":"open","sticky":true,"template":"","format":"standard","meta":{"footnotes":""},"categories":[12],"tags":[],"_links":{"self":[{"href":"https:\/\/diariodigitalmx.com\/index.php\/wp-json\/wp\/v2\/posts\/142371"}],"collection":[{"href":"https:\/\/diariodigitalmx.com\/index.php\/wp-json\/wp\/v2\/posts"}],"about":[{"href":"https:\/\/diariodigitalmx.com\/index.php\/wp-json\/wp\/v2\/types\/post"}],"author":[{"embeddable":true,"href":"https:\/\/diariodigitalmx.com\/index.php\/wp-json\/wp\/v2\/users\/1"}],"replies":[{"embeddable":true,"href":"https:\/\/diariodigitalmx.com\/index.php\/wp-json\/wp\/v2\/comments?post=142371"}],"version-history":[{"count":1,"href":"https:\/\/diariodigitalmx.com\/index.php\/wp-json\/wp\/v2\/posts\/142371\/revisions"}],"predecessor-version":[{"id":142372,"href":"https:\/\/diariodigitalmx.com\/index.php\/wp-json\/wp\/v2\/posts\/142371\/revisions\/142372"}],"wp:featuredmedia":[{"embeddable":true,"href":"https:\/\/diariodigitalmx.com\/index.php\/wp-json\/wp\/v2\/media\/142373"}],"wp:attachment":[{"href":"https:\/\/diariodigitalmx.com\/index.php\/wp-json\/wp\/v2\/media?parent=142371"}],"wp:term":[{"taxonomy":"category","embeddable":true,"href":"https:\/\/diariodigitalmx.com\/index.php\/wp-json\/wp\/v2\/categories?post=142371"},{"taxonomy":"post_tag","embeddable":true,"href":"https:\/\/diariodigitalmx.com\/index.php\/wp-json\/wp\/v2\/tags?post=142371"}],"curies":[{"name":"wp","href":"https:\/\/api.w.org\/{rel}","templated":true}]}}