{"id":142376,"date":"2025-11-17T05:38:56","date_gmt":"2025-11-17T11:38:56","guid":{"rendered":"https:\/\/diariodigitalmx.com\/?p=142376"},"modified":"2025-11-17T05:57:10","modified_gmt":"2025-11-17T11:57:10","slug":"el-antidoto-de-morena","status":"publish","type":"post","link":"https:\/\/diariodigitalmx.com\/index.php\/2025\/11\/17\/el-antidoto-de-morena\/","title":{"rendered":"El ant\u00eddoto de Morena"},"content":{"rendered":"\n<p>De frente y de perfil<\/p>\n\n\n\n<p>Ram\u00f3n Zurita Sahag\u00fan<\/p>\n\n\n\n<p>El gobierno federal intent\u00f3 vacunarse contra las protestas en su contra y sembrar la idea de que se trataba de una conjura de la derecha.<\/p>\n\n\n\n<p>Quiso de esa forma desalentar la participaci\u00f3n de miles de ciudadanos que hab\u00edan sido convocados por las redes sociales.<\/p>\n\n\n\n<p>Nadie conoc\u00eda la magnitud de la participaci\u00f3n, la que evidentemente creci\u00f3 por los ataques recibidos desde Palacio Nacional sobre el evento.<\/p>\n\n\n\n<p>Hac\u00eda mucho tiempo que una convocatoria a una manifestaci\u00f3n o marcha no era censurada desde las m\u00e1s altas esferas del poder pol\u00edtico.<\/p>\n\n\n\n<p>Se busc\u00f3 con lupa los nombres de los convocantes y se reparti\u00f3 acusaciones contra los que se crey\u00f3 responsables, tanto del lado pol\u00edtico, empresarial y social.<\/p>\n\n\n\n<p>Jam\u00e1s se pens\u00f3 en la posible bondad de la convocatoria y se lleg\u00f3 hasta pensar en una escalada de violencia.<\/p>\n\n\n\n<p>Claro que el gobierno federal sabe que las cosas no marchan bien, que existen reclamos en su contra y que una convocatoria de este tipo pudiera ser la mecha que encendiera la p\u00f3lvora.<\/p>\n\n\n\n<p>La Presidenta Claudia Sheinbaum Pardo consider\u00f3 que la convocatoria no ten\u00eda nada que ver con el prop\u00f3sito de una movilizaci\u00f3n leg\u00edtima, sino que proven\u00eda de una agitaci\u00f3n de la derecha.<\/p>\n\n\n\n<p>Es una realidad que la convocatoria que al principio no fue tomada mucho en cuenta, creci\u00f3 con las descalificaciones pol\u00edticas y se sumaron masivamente a ella, pol\u00edticos, sectores y protestas de todo tipo<\/p>\n\n\n\n<p>De acuerdo con las protestas, reclamos y gritos escuchados, las reformas recientes no han tenido el eco esperado y resolver el problema de la inseguridad contin\u00faa siendo una de las principales exigencias de la poblaci\u00f3n.<\/p>\n\n\n\n<p>El asesinato del alcalde de Uruapan, Carlos Manzo encendi\u00f3 las alarmas, por tratarse de un pol\u00edtico independiente que sali\u00f3 de MORENA denunciando corrupci\u00f3n y que en diversas ocasiones se\u00f1al\u00f3 al gobernador Alfredo Ram\u00edrez, al diputado Leonel Godoy y otros pol\u00edticos de Michoac\u00e1n de contubernio con los grupos delincuenciales.<\/p>\n\n\n\n<p>Su intensa lucha contra la violencia y sus constantes denuncias contra autoridades le hab\u00edan posicionado en el \u00e1nimo de los ciudadanos.<\/p>\n\n\n\n<p>Los agravios de la protesta se fueron sumando y motivando a m\u00e1s ciudadanos, por lo que se trat\u00f3 de evitar la manifestaci\u00f3n.<\/p>\n\n\n\n<p>Sin embargo, esta se realiz\u00f3, fue masiva y los gritos en contra del gobierno se escucharon fuertemente a pesar del blindaje con que se rode\u00f3 Palacio Nacional.<\/p>\n\n\n\n<p>Tanto temor hab\u00eda generado la protesta que la Presidenta Sheinbaum Pardo prefiri\u00f3 salir de gira a estados del sureste y emitir su pronunciamiento en contra de la violencia, ya que, consider\u00f3, los cambios deben darse por la v\u00eda pac\u00edfica.<\/p>\n\n\n\n<p>Y es que las expresiones de violencia sde dieron por el ya m\u00edtico grupo de los encapuchados de negro, los que, curiosamente, jam\u00e1s son atrapados por la polic\u00eda y no se sabe a cu\u00e1les intereses responden.<\/p>\n\n\n\n<p>La movilizaci\u00f3n ya pas\u00f3, no incendio al pa\u00eds, aunque habr\u00e1 que esperar las reacciones que tendr\u00e1 en las pr\u00f3ximas semanas.<\/p>\n\n\n\n<p>&nbsp; &nbsp; &nbsp; &nbsp; &nbsp; &nbsp; &nbsp; &nbsp; &nbsp; &nbsp; &nbsp; &nbsp; &nbsp; &nbsp; &nbsp; &nbsp; &nbsp; &nbsp; &nbsp; &nbsp; &nbsp; &nbsp; &nbsp; &nbsp; &nbsp; &nbsp; &nbsp; &nbsp; &nbsp; &nbsp; &nbsp; &nbsp; &nbsp; &nbsp; &nbsp; &nbsp; &nbsp; &nbsp; &nbsp; &nbsp; &nbsp; &nbsp; &nbsp; &nbsp; &nbsp; &nbsp; &nbsp; \u2026\u2026\u2026\u2026\u2026\u2026<\/p>\n\n\n\n<p>Y mientras las protestas crecen en algunas partes del pa\u00eds, los aspirantes a los gobiernos estatales que competir\u00e1n en 17 estados se preparan para que desde inicios del a\u00f1o pr\u00f3ximo reafirmen sus intenciones y consigan su prop\u00f3sito de contender por los partidos que habr\u00e1n de competir, especialmente de MORENA.<\/p>\n\n\n\n<p>Email:&nbsp;<a href=\"mailto:ramonzurita44@hotmail.com\" target=\"_blank\" rel=\"noreferrer noopener\">ramonzurita44@hotmail.com<\/a><\/p>\n\n\n\n<p>Email:&nbsp;<a href=\"mailto:ramonzurita44@gmail.com\" target=\"_blank\" rel=\"noreferrer noopener\">ramonzurita44@gmail.com<\/a><\/p>\n","protected":false},"excerpt":{"rendered":"<p>De frente y de perfil Ram\u00f3n Zurita Sahag\u00fan El gobierno federal intent\u00f3 vacunarse contra las protestas en su contra y sembrar la idea de que se trataba de una conjura de la derecha. Quiso de esa forma desalentar la participaci\u00f3n de miles de ciudadanos que hab\u00edan sido convocados por las redes sociales. Nadie conoc\u00eda la [&hellip;]<\/p>\n","protected":false},"author":1,"featured_media":142378,"comment_status":"open","ping_status":"open","sticky":true,"template":"","format":"standard","meta":{"footnotes":""},"categories":[12],"tags":[],"_links":{"self":[{"href":"https:\/\/diariodigitalmx.com\/index.php\/wp-json\/wp\/v2\/posts\/142376"}],"collection":[{"href":"https:\/\/diariodigitalmx.com\/index.php\/wp-json\/wp\/v2\/posts"}],"about":[{"href":"https:\/\/diariodigitalmx.com\/index.php\/wp-json\/wp\/v2\/types\/post"}],"author":[{"embeddable":true,"href":"https:\/\/diariodigitalmx.com\/index.php\/wp-json\/wp\/v2\/users\/1"}],"replies":[{"embeddable":true,"href":"https:\/\/diariodigitalmx.com\/index.php\/wp-json\/wp\/v2\/comments?post=142376"}],"version-history":[{"count":1,"href":"https:\/\/diariodigitalmx.com\/index.php\/wp-json\/wp\/v2\/posts\/142376\/revisions"}],"predecessor-version":[{"id":142377,"href":"https:\/\/diariodigitalmx.com\/index.php\/wp-json\/wp\/v2\/posts\/142376\/revisions\/142377"}],"wp:featuredmedia":[{"embeddable":true,"href":"https:\/\/diariodigitalmx.com\/index.php\/wp-json\/wp\/v2\/media\/142378"}],"wp:attachment":[{"href":"https:\/\/diariodigitalmx.com\/index.php\/wp-json\/wp\/v2\/media?parent=142376"}],"wp:term":[{"taxonomy":"category","embeddable":true,"href":"https:\/\/diariodigitalmx.com\/index.php\/wp-json\/wp\/v2\/categories?post=142376"},{"taxonomy":"post_tag","embeddable":true,"href":"https:\/\/diariodigitalmx.com\/index.php\/wp-json\/wp\/v2\/tags?post=142376"}],"curies":[{"name":"wp","href":"https:\/\/api.w.org\/{rel}","templated":true}]}}