{"id":142397,"date":"2025-11-17T22:20:42","date_gmt":"2025-11-18T04:20:42","guid":{"rendered":"https:\/\/diariodigitalmx.com\/?p=142397"},"modified":"2025-11-17T22:25:59","modified_gmt":"2025-11-18T04:25:59","slug":"gerson-gomez-recomienda-estas-lecturas-16","status":"publish","type":"post","link":"https:\/\/diariodigitalmx.com\/index.php\/2025\/11\/17\/gerson-gomez-recomienda-estas-lecturas-16\/","title":{"rendered":"Gerson G\u00f3mez recomienda estas lecturas"},"content":{"rendered":"\n<p>Alas de \u00e1ngel. Episodios tropicales de A. C. Roy de David Mart\u00edn del Campos<\/p>\n\n\n\n<p>Relata la historia de \u00c1ngel Roy, un piloto de combate que regresa de la Gran Guerra y se entera de la desaparici\u00f3n de su prometida. Decidido a encontrarla, roba el avi\u00f3n que sol\u00eda volar y se embarca en una b\u00fasqueda implacable y surreal en medio de una revoluci\u00f3n en el sur.<\/p>\n\n\n\n<figure class=\"wp-block-image size-full\"><img loading=\"lazy\" decoding=\"async\" width=\"322\" height=\"304\" src=\"https:\/\/diariodigitalmx.com\/wp-content\/uploads\/2025\/11\/FM12013.jpg\" alt=\"\" class=\"wp-image-142401\" srcset=\"https:\/\/diariodigitalmx.com\/wp-content\/uploads\/2025\/11\/FM12013.jpg 322w, https:\/\/diariodigitalmx.com\/wp-content\/uploads\/2025\/11\/FM12013-300x283.jpg 300w\" sizes=\"(max-width: 322px) 100vw, 322px\" \/><\/figure>\n\n\n\n<p>Los cuarenta d\u00edas del Musa Dagh de Franz Werfel<\/p>\n\n\n\n<p>\u00a0Basado en los eventos ocurridos durante el asedio y genocidio armenio perpetrado en 1915 por el Imperio Otomano. A trav\u00e9s de Gabriel Bagradian, un armenio residente en Par\u00eds, pero de vuelta en su ciudad natal casi por casualidad, Franz Werfel nos acerca a la lucha de un pueblo para el que el sufrimiento y los dolorosos sacrificios son cosa de todos los d\u00edas.<\/p>\n\n\n\n<figure class=\"wp-block-image size-full\"><img loading=\"lazy\" decoding=\"async\" width=\"324\" height=\"324\" src=\"https:\/\/diariodigitalmx.com\/wp-content\/uploads\/2025\/11\/FM12015.jpg\" alt=\"\" class=\"wp-image-142402\" srcset=\"https:\/\/diariodigitalmx.com\/wp-content\/uploads\/2025\/11\/FM12015.jpg 324w, https:\/\/diariodigitalmx.com\/wp-content\/uploads\/2025\/11\/FM12015-300x300.jpg 300w, https:\/\/diariodigitalmx.com\/wp-content\/uploads\/2025\/11\/FM12015-150x150.jpg 150w\" sizes=\"(max-width: 324px) 100vw, 324px\" \/><\/figure>\n\n\n\n<p>Espartaco de Howard Fast<\/p>\n\n\n\n<p>En esta afamada obra, calificada como la mejor novela hist\u00f3rica del siglo XX, editada por el mismo Howard Fast y distribuida desde su garaje debido a la censura pol\u00edtica, se narra la historia del hombre que se convirti\u00f3 en mito y terror para Roma. Espartaco fue un esclavo que, tras haber sido comprado para la famosa escuela de gladiadores de L\u00e9ntulo Batiato, decide organizar su escape y el de sus compa\u00f1eros, para terminar liderando una inusitada rebeli\u00f3n contra el ej\u00e9rcito y la tiran\u00eda del Imperio romano en el 73 a. C. Andando sobre las huellas que la revuelta de esclavos dej\u00f3, un grupo de nobles romanos reconstruye los fragmentos de la leyenda de quien se atrevi\u00f3 a desafiar a Roma: tel\u00f3n de fondo para la reflexi\u00f3n sobre la decadencia pol\u00edtica y moral que atravesaban los Estados Unidos del siglo XX.<\/p>\n\n\n\n<figure class=\"wp-block-image size-full\"><img loading=\"lazy\" decoding=\"async\" width=\"324\" height=\"324\" src=\"https:\/\/diariodigitalmx.com\/wp-content\/uploads\/2025\/11\/FM12015-1.jpg\" alt=\"\" class=\"wp-image-142403\" srcset=\"https:\/\/diariodigitalmx.com\/wp-content\/uploads\/2025\/11\/FM12015-1.jpg 324w, https:\/\/diariodigitalmx.com\/wp-content\/uploads\/2025\/11\/FM12015-1-300x300.jpg 300w, https:\/\/diariodigitalmx.com\/wp-content\/uploads\/2025\/11\/FM12015-1-150x150.jpg 150w\" sizes=\"(max-width: 324px) 100vw, 324px\" \/><\/figure>\n\n\n\n<p>&nbsp;Cuentas pendientes. Relatos criminales y policiacos, 1981 -2023 de Gabriel Trujillo Mu\u00f1oz<\/p>\n\n\n\n<p>&nbsp;Colecci\u00f3n de relatos policiacos escritos entre 1981 y 2023 en los que explora, desde distintas perspectivas, la violencia cotidiana de la frontera entre M\u00e9xico y Estados Unidos.<\/p>\n\n\n\n<p>Se trata de una amalgama de historias creada con los elementos esenciales de la narrativa policiaca y la literatura de terror, fantas\u00eda y ciencia ficci\u00f3n.<\/p>\n","protected":false},"excerpt":{"rendered":"<p>Alas de \u00e1ngel. Episodios tropicales de A. C. Roy de David Mart\u00edn del Campos Relata la historia de \u00c1ngel Roy, un piloto de combate que regresa de la Gran Guerra y se entera de la desaparici\u00f3n de su prometida. Decidido a encontrarla, roba el avi\u00f3n que sol\u00eda volar y se embarca en una b\u00fasqueda implacable [&hellip;]<\/p>\n","protected":false},"author":1,"featured_media":142399,"comment_status":"open","ping_status":"open","sticky":true,"template":"","format":"standard","meta":{"footnotes":""},"categories":[11,14],"tags":[],"_links":{"self":[{"href":"https:\/\/diariodigitalmx.com\/index.php\/wp-json\/wp\/v2\/posts\/142397"}],"collection":[{"href":"https:\/\/diariodigitalmx.com\/index.php\/wp-json\/wp\/v2\/posts"}],"about":[{"href":"https:\/\/diariodigitalmx.com\/index.php\/wp-json\/wp\/v2\/types\/post"}],"author":[{"embeddable":true,"href":"https:\/\/diariodigitalmx.com\/index.php\/wp-json\/wp\/v2\/users\/1"}],"replies":[{"embeddable":true,"href":"https:\/\/diariodigitalmx.com\/index.php\/wp-json\/wp\/v2\/comments?post=142397"}],"version-history":[{"count":2,"href":"https:\/\/diariodigitalmx.com\/index.php\/wp-json\/wp\/v2\/posts\/142397\/revisions"}],"predecessor-version":[{"id":142404,"href":"https:\/\/diariodigitalmx.com\/index.php\/wp-json\/wp\/v2\/posts\/142397\/revisions\/142404"}],"wp:featuredmedia":[{"embeddable":true,"href":"https:\/\/diariodigitalmx.com\/index.php\/wp-json\/wp\/v2\/media\/142399"}],"wp:attachment":[{"href":"https:\/\/diariodigitalmx.com\/index.php\/wp-json\/wp\/v2\/media?parent=142397"}],"wp:term":[{"taxonomy":"category","embeddable":true,"href":"https:\/\/diariodigitalmx.com\/index.php\/wp-json\/wp\/v2\/categories?post=142397"},{"taxonomy":"post_tag","embeddable":true,"href":"https:\/\/diariodigitalmx.com\/index.php\/wp-json\/wp\/v2\/tags?post=142397"}],"curies":[{"name":"wp","href":"https:\/\/api.w.org\/{rel}","templated":true}]}}