{"id":142405,"date":"2025-11-17T22:35:26","date_gmt":"2025-11-18T04:35:26","guid":{"rendered":"https:\/\/diariodigitalmx.com\/?p=142405"},"modified":"2025-11-17T22:39:14","modified_gmt":"2025-11-18T04:39:14","slug":"interviene-servicios-publicos-de-monterrey-centro-de-la-ciudad-posterior-al-desfile-revolucionario","status":"publish","type":"post","link":"https:\/\/diariodigitalmx.com\/index.php\/2025\/11\/17\/interviene-servicios-publicos-de-monterrey-centro-de-la-ciudad-posterior-al-desfile-revolucionario\/","title":{"rendered":"Interviene Servicios P\u00fablicos de Monterrey Centro de la Ciudad posterior al Desfile Revolucionario"},"content":{"rendered":"\n<p>Decenas de elementos de la Secretar\u00eda de Servicios P\u00fablicos de Monterrey realizaron un operativo de limpieza para recolectar&nbsp; m\u00e1s de dos toneladas de basura luego del desfile por el 115 aniversario de la Revoluci\u00f3n Mexicana.<\/p>\n\n\n\n<p>Despu\u00e9s de la marcha de los contingentes de escuelas p\u00fablicas y privadas y de corporacioes de seguridad que recorrieron las principales calles de la ciudad, el grupo de Servicios P\u00fablicos se encarg\u00f3 de dejar la zona limpia y segura.<\/p>\n\n\n\n<p>Con el apoyo de maquinaria ligera y pesada, dieron atenci\u00f3n especial a avenidas como Constituci\u00f3n, Zuazua, Dr. Coss, Washington, Hidalgo y Pino Su\u00e1rez por mencionar algunas de las que fueron utilizadas para dicho desfile.<\/p>\n\n\n\n<figure class=\"wp-block-image size-large\"><img loading=\"lazy\" decoding=\"async\" width=\"1024\" height=\"576\" src=\"https:\/\/diariodigitalmx.com\/wp-content\/uploads\/2025\/11\/Sp5-1024x576.jpg\" alt=\"\" class=\"wp-image-142408\" srcset=\"https:\/\/diariodigitalmx.com\/wp-content\/uploads\/2025\/11\/Sp5-1024x576.jpg 1024w, https:\/\/diariodigitalmx.com\/wp-content\/uploads\/2025\/11\/Sp5-300x169.jpg 300w, https:\/\/diariodigitalmx.com\/wp-content\/uploads\/2025\/11\/Sp5-768x432.jpg 768w, https:\/\/diariodigitalmx.com\/wp-content\/uploads\/2025\/11\/Sp5.jpg 1280w\" sizes=\"(max-width: 1024px) 100vw, 1024px\" \/><\/figure>\n\n\n\n<p>Con acciones como barrido, pepena y recolecci\u00f3n de basura\u00a0 se atendieron m\u00e1s de 6 mil 400 metros lineales.<\/p>\n\n\n\n<figure class=\"wp-block-image size-large\"><img loading=\"lazy\" decoding=\"async\" width=\"1024\" height=\"576\" src=\"https:\/\/diariodigitalmx.com\/wp-content\/uploads\/2025\/11\/Sp2-1024x576.jpg\" alt=\"\" class=\"wp-image-142410\" srcset=\"https:\/\/diariodigitalmx.com\/wp-content\/uploads\/2025\/11\/Sp2-1024x576.jpg 1024w, https:\/\/diariodigitalmx.com\/wp-content\/uploads\/2025\/11\/Sp2-300x169.jpg 300w, https:\/\/diariodigitalmx.com\/wp-content\/uploads\/2025\/11\/Sp2-768x432.jpg 768w, https:\/\/diariodigitalmx.com\/wp-content\/uploads\/2025\/11\/Sp2.jpg 1280w\" sizes=\"(max-width: 1024px) 100vw, 1024px\" \/><\/figure>\n\n\n\n<p>El Gobierno Municipal reitera a la ciudadan\u00eda en general el llamado a no tirar deshechos en la v\u00eda p\u00fablica y usar los botes instalados en el Centro.<\/p>\n\n\n\n<p>Este evento masivo fue una prueba de lo que vivir\u00e1 Monterrey el pr\u00f3ximo a\u00f1o con la Copa de Futbol y la necesidad de tener conciencia sobre la imagen que daremos al mundo.<\/p>\n","protected":false},"excerpt":{"rendered":"<p>Decenas de elementos de la Secretar\u00eda de Servicios P\u00fablicos de Monterrey realizaron un operativo de limpieza para recolectar&nbsp; m\u00e1s de dos toneladas de basura luego del desfile por el 115 aniversario de la Revoluci\u00f3n Mexicana. Despu\u00e9s de la marcha de los contingentes de escuelas p\u00fablicas y privadas y de corporacioes de seguridad que recorrieron las [&hellip;]<\/p>\n","protected":false},"author":1,"featured_media":142407,"comment_status":"open","ping_status":"open","sticky":true,"template":"","format":"standard","meta":{"footnotes":""},"categories":[14,6],"tags":[],"_links":{"self":[{"href":"https:\/\/diariodigitalmx.com\/index.php\/wp-json\/wp\/v2\/posts\/142405"}],"collection":[{"href":"https:\/\/diariodigitalmx.com\/index.php\/wp-json\/wp\/v2\/posts"}],"about":[{"href":"https:\/\/diariodigitalmx.com\/index.php\/wp-json\/wp\/v2\/types\/post"}],"author":[{"embeddable":true,"href":"https:\/\/diariodigitalmx.com\/index.php\/wp-json\/wp\/v2\/users\/1"}],"replies":[{"embeddable":true,"href":"https:\/\/diariodigitalmx.com\/index.php\/wp-json\/wp\/v2\/comments?post=142405"}],"version-history":[{"count":2,"href":"https:\/\/diariodigitalmx.com\/index.php\/wp-json\/wp\/v2\/posts\/142405\/revisions"}],"predecessor-version":[{"id":142411,"href":"https:\/\/diariodigitalmx.com\/index.php\/wp-json\/wp\/v2\/posts\/142405\/revisions\/142411"}],"wp:featuredmedia":[{"embeddable":true,"href":"https:\/\/diariodigitalmx.com\/index.php\/wp-json\/wp\/v2\/media\/142407"}],"wp:attachment":[{"href":"https:\/\/diariodigitalmx.com\/index.php\/wp-json\/wp\/v2\/media?parent=142405"}],"wp:term":[{"taxonomy":"category","embeddable":true,"href":"https:\/\/diariodigitalmx.com\/index.php\/wp-json\/wp\/v2\/categories?post=142405"},{"taxonomy":"post_tag","embeddable":true,"href":"https:\/\/diariodigitalmx.com\/index.php\/wp-json\/wp\/v2\/tags?post=142405"}],"curies":[{"name":"wp","href":"https:\/\/api.w.org\/{rel}","templated":true}]}}