{"id":142515,"date":"2025-11-20T19:09:39","date_gmt":"2025-11-21T01:09:39","guid":{"rendered":"https:\/\/diariodigitalmx.com\/?p=142515"},"modified":"2025-11-20T23:53:23","modified_gmt":"2025-11-21T05:53:23","slug":"mejora-la-movilidad-urbana-en-escobedo-agregan-carriles-a-la-carretera-a-laredo","status":"publish","type":"post","link":"https:\/\/diariodigitalmx.com\/index.php\/2025\/11\/20\/mejora-la-movilidad-urbana-en-escobedo-agregan-carriles-a-la-carretera-a-laredo\/","title":{"rendered":"Mejora la movilidad urbana en Escobedo; agregan carriles a la Carretera a Laredo"},"content":{"rendered":"\n<p>Como parte de su programa para el mejoramiento de la Movilidad Urbana, el Gobierno de Escobedo puso en marcha la ampliaci\u00f3n a 4 carriles de la Carretera a Laredo en el sentido de norte a sur.<br>El objetivo prioritario es eliminar la obstrucci\u00f3n vial que se hace en el carril lateral de la derecha por la demanda considerable de veh\u00edculos que circulan por la carretera a Laredo en su cruce con la Avenida Concordia, sobretodo en las horas pico.<br>La ampliaci\u00f3n consiste en agregar m\u00e1s carriles para la circulaci\u00f3n de norte a sur, siendo uno de ellos de flujo continuo con vuelta a la derecha por la Avenida Concordia en el sentido de oriente a poniente y otro exclusivo para el transporte p\u00fablico.<br>Andr\u00e9s Mijes, alcalde de Escobedo e Ignacio Hierro, director del INMPLAN llevaron a cabo la apertura de los carriles que beneficiaran a miles de automovilistas que a diario circulan por la carretera a Laredo, a usuarios de transporte p\u00fablico y de carga, as\u00ed como habitantes de colonias del norte y poniente del municipio.<\/p>\n\n\n\n<figure class=\"wp-block-image size-large\"><img loading=\"lazy\" decoding=\"async\" width=\"1024\" height=\"684\" src=\"https:\/\/diariodigitalmx.com\/wp-content\/uploads\/2025\/11\/Ampliacion-Carriles-Carretera-a-Laredo-2-1024x684.jpeg\" alt=\"\" class=\"wp-image-142521\" srcset=\"https:\/\/diariodigitalmx.com\/wp-content\/uploads\/2025\/11\/Ampliacion-Carriles-Carretera-a-Laredo-2-1024x684.jpeg 1024w, https:\/\/diariodigitalmx.com\/wp-content\/uploads\/2025\/11\/Ampliacion-Carriles-Carretera-a-Laredo-2-300x200.jpeg 300w, https:\/\/diariodigitalmx.com\/wp-content\/uploads\/2025\/11\/Ampliacion-Carriles-Carretera-a-Laredo-2-768x513.jpeg 768w, https:\/\/diariodigitalmx.com\/wp-content\/uploads\/2025\/11\/Ampliacion-Carriles-Carretera-a-Laredo-2-1536x1026.jpeg 1536w, https:\/\/diariodigitalmx.com\/wp-content\/uploads\/2025\/11\/Ampliacion-Carriles-Carretera-a-Laredo-2.jpeg 1600w\" sizes=\"(max-width: 1024px) 100vw, 1024px\" \/><\/figure>\n\n\n\n<p>Andr\u00e9s Mijes indic\u00f3 que obras de este tipo es un distintivo de la 4T Norte\u00f1a que siempre busca el beneficio ciudadano y que adem\u00e1s alienta la inversi\u00f3n al tener mejores vialidades.<br>\u201cLa adecuaci\u00f3n para ampliar a cuatro carriles la carretera a Laredo en su cruce con Concordia, es una obra que va a aligerar el tr\u00e1fico y beneficiar\u00e1 a los automovilistas y ciudadanos\u201d, dijo Mijes.<br>Como parte de las adecuaciones, en los pr\u00f3ximos d\u00edas se realizar\u00e1 la reubicaci\u00f3n de un sem\u00e1foro, pintura para delimitaci\u00f3n de carriles, instalaci\u00f3n de boyas para regular la velocidad de los autom\u00f3viles, reforestaci\u00f3n de banquetas y la instalaci\u00f3n de parabuses en paradas oficiales.<\/p>\n","protected":false},"excerpt":{"rendered":"<p>Como parte de su programa para el mejoramiento de la Movilidad Urbana, el Gobierno de Escobedo puso en marcha la ampliaci\u00f3n a 4 carriles de la Carretera a Laredo en el sentido de norte a sur.El objetivo prioritario es eliminar la obstrucci\u00f3n vial que se hace en el carril lateral de la derecha por la [&hellip;]<\/p>\n","protected":false},"author":1,"featured_media":142519,"comment_status":"open","ping_status":"open","sticky":true,"template":"","format":"standard","meta":{"footnotes":""},"categories":[6],"tags":[],"_links":{"self":[{"href":"https:\/\/diariodigitalmx.com\/index.php\/wp-json\/wp\/v2\/posts\/142515"}],"collection":[{"href":"https:\/\/diariodigitalmx.com\/index.php\/wp-json\/wp\/v2\/posts"}],"about":[{"href":"https:\/\/diariodigitalmx.com\/index.php\/wp-json\/wp\/v2\/types\/post"}],"author":[{"embeddable":true,"href":"https:\/\/diariodigitalmx.com\/index.php\/wp-json\/wp\/v2\/users\/1"}],"replies":[{"embeddable":true,"href":"https:\/\/diariodigitalmx.com\/index.php\/wp-json\/wp\/v2\/comments?post=142515"}],"version-history":[{"count":2,"href":"https:\/\/diariodigitalmx.com\/index.php\/wp-json\/wp\/v2\/posts\/142515\/revisions"}],"predecessor-version":[{"id":142522,"href":"https:\/\/diariodigitalmx.com\/index.php\/wp-json\/wp\/v2\/posts\/142515\/revisions\/142522"}],"wp:featuredmedia":[{"embeddable":true,"href":"https:\/\/diariodigitalmx.com\/index.php\/wp-json\/wp\/v2\/media\/142519"}],"wp:attachment":[{"href":"https:\/\/diariodigitalmx.com\/index.php\/wp-json\/wp\/v2\/media?parent=142515"}],"wp:term":[{"taxonomy":"category","embeddable":true,"href":"https:\/\/diariodigitalmx.com\/index.php\/wp-json\/wp\/v2\/categories?post=142515"},{"taxonomy":"post_tag","embeddable":true,"href":"https:\/\/diariodigitalmx.com\/index.php\/wp-json\/wp\/v2\/tags?post=142515"}],"curies":[{"name":"wp","href":"https:\/\/api.w.org\/{rel}","templated":true}]}}