{"id":142558,"date":"2025-11-21T17:44:16","date_gmt":"2025-11-21T23:44:16","guid":{"rendered":"https:\/\/diariodigitalmx.com\/?p=142558"},"modified":"2025-11-21T17:52:30","modified_gmt":"2025-11-21T23:52:30","slug":"impulsan-escobedo-y-tampico-transformacion-regional","status":"publish","type":"post","link":"https:\/\/diariodigitalmx.com\/index.php\/2025\/11\/21\/impulsan-escobedo-y-tampico-transformacion-regional\/","title":{"rendered":"Impulsan Escobedo y Tampico transformaci\u00f3n regional"},"content":{"rendered":"\n<p>El Muncipio Escobedo y la Ciudad de Tampico consolidaron una sinergia estrat\u00e9gica para intercambiar pol\u00edticas p\u00fablicas, fortalecer sus modelos de desarrollo y avanzar hacia una transformaci\u00f3n que genere bienestar, prosperidad compartida y Crecimiento con Justicia en ambas entidades.<br>En la Presidencia Municipal del Puerto y ante los integrantes de ambos Cabildos, el Alcalde Andr\u00e9s Mijes y la Alcaldesa de Tampico, M\u00f3nica Villarreal, formalizaron este acuerdo que abre las puertas a una colaboraci\u00f3n activa inspirada en el Plan M\u00e9xico de la Presidenta Claudia Sheinbaum, enfocada en construir un Pa\u00eds m\u00e1s justo, competitivo y conectado.<\/p>\n\n\n\n<figure class=\"wp-block-image size-large\"><img loading=\"lazy\" decoding=\"async\" width=\"1024\" height=\"668\" src=\"https:\/\/diariodigitalmx.com\/wp-content\/uploads\/2025\/11\/33518-1024x668.jpg\" alt=\"\" class=\"wp-image-142565\" srcset=\"https:\/\/diariodigitalmx.com\/wp-content\/uploads\/2025\/11\/33518-1024x668.jpg 1024w, https:\/\/diariodigitalmx.com\/wp-content\/uploads\/2025\/11\/33518-300x196.jpg 300w, https:\/\/diariodigitalmx.com\/wp-content\/uploads\/2025\/11\/33518-768x501.jpg 768w, https:\/\/diariodigitalmx.com\/wp-content\/uploads\/2025\/11\/33518.jpg 1055w\" sizes=\"(max-width: 1024px) 100vw, 1024px\" \/><\/figure>\n\n\n\n<p>La Alcaldesa de Tampico, en su mensaje reconoci\u00f3 a la 4T Norte\u00f1a de Escobedo como ejemplo de modelo de trabajo que garantiza una la transformaci\u00f3n verdadera y que a trav\u00e9s de esta sinergia se podr\u00e1 caminar juntos hac\u00eda un desarrollo m\u00e1s competitivo, humano y sostenible.<br>&#8220;Esta sinergia surgi\u00f3 de ver el trabajo decidido que estaban haciendo, de escuchar esa versi\u00f3n de la 4T Norte\u00f1a que impulsa el norte de nuestro pa\u00eds con acciones firmes y decididas en donde no olvidan la parte econ\u00f3mica, pero tampoco deja atr\u00e1s la parte social&#8221;,<br>\u201cEscobedo ha sido reconocido por su innovaci\u00f3n y queEscobedo ha sido reconocido por su innovaci\u00f3n en seguridad, por su movilidad moderna, su crecimiento urbano equilibrado, el impulso a la educaci\u00f3n, la cultura y por un gobierno digital que se ha distinguido como un modelo para otros municipios de nuestro pa\u00eds. se ha distinguido como un modelo para otros municipios de nuestro pa\u00eds.\u201d, expres\u00f3 la Edil Tampiquense.<\/p>\n\n\n\n<figure class=\"wp-block-image size-large\"><img loading=\"lazy\" decoding=\"async\" width=\"1024\" height=\"661\" src=\"https:\/\/diariodigitalmx.com\/wp-content\/uploads\/2025\/11\/33511-1024x661.jpg\" alt=\"\" class=\"wp-image-142566\" srcset=\"https:\/\/diariodigitalmx.com\/wp-content\/uploads\/2025\/11\/33511-1024x661.jpg 1024w, https:\/\/diariodigitalmx.com\/wp-content\/uploads\/2025\/11\/33511-300x194.jpg 300w, https:\/\/diariodigitalmx.com\/wp-content\/uploads\/2025\/11\/33511-768x496.jpg 768w, https:\/\/diariodigitalmx.com\/wp-content\/uploads\/2025\/11\/33511.jpg 1079w\" sizes=\"(max-width: 1024px) 100vw, 1024px\" \/><\/figure>\n\n\n\n<p>Por su parte, Mijes destac\u00f3 que este v\u00ednculo representa un paso firme hacia una visi\u00f3n conjunta de futuro y, se\u00f1al\u00f3, que es prioritario construir un puente de colaboraci\u00f3n econ\u00f3mica, tur\u00edstica y cultural entre dos territorios que comparten car\u00e1cter, historia y vocaciones productivas.<br>\u201cEscobedo necesita alianzas inteligentes que miren hacia el desarrollo regional y nacional, y Tampico es parte clave de esa estrategia.<br>\u201cEste convenio es m\u00e1s que un acto administrativo, es una apuesta por el futuro de nuestras familias, de nuestros j\u00f3venes y de nuestra regi\u00f3n\u201d, expres\u00f3 el Edil.<br>A trav\u00e9s de esta alianza, agreg\u00f3, se impulsar\u00e1 la inversi\u00f3n y proveedur\u00eda entre ambas ciudades, adem\u00e1s de promover rutas tur\u00edsticas que conecten la Costa con el Norte industrial, junto con el intercambio de pr\u00e1cticas exitosas en gobierno, seguridad, innovaci\u00f3n y desarrollo urbano.<\/p>\n\n\n\n<figure class=\"wp-block-image size-large\"><img loading=\"lazy\" decoding=\"async\" width=\"1024\" height=\"626\" src=\"https:\/\/diariodigitalmx.com\/wp-content\/uploads\/2025\/11\/33510-1024x626.jpg\" alt=\"\" class=\"wp-image-142567\" srcset=\"https:\/\/diariodigitalmx.com\/wp-content\/uploads\/2025\/11\/33510-1024x626.jpg 1024w, https:\/\/diariodigitalmx.com\/wp-content\/uploads\/2025\/11\/33510-300x183.jpg 300w, https:\/\/diariodigitalmx.com\/wp-content\/uploads\/2025\/11\/33510-768x469.jpg 768w, https:\/\/diariodigitalmx.com\/wp-content\/uploads\/2025\/11\/33510.jpg 1080w\" sizes=\"(max-width: 1024px) 100vw, 1024px\" \/><\/figure>\n\n\n\n<p>Posterior a esta firma de colaboraci\u00f3n, Mijes present\u00f3 ante funcionarios de Tampico el modelo de trabajo de la 4T Norte\u00f1a donde a trav\u00e9s de estategias que apuestan a la innovaci\u00f3n tecnol\u00f3gica y empuje de inversiones se fortalece a las comunidades.<br>Con esta alianza, Escobedo y Tampico ser\u00e1n ejemplo de c\u00f3mo el desarrollo del pa\u00eds se fortalece cuando las ciudades cooperan para transformar su entorno y abrir camino a una prosperidad verdaderamente compartida.<\/p>\n","protected":false},"excerpt":{"rendered":"<p>El Muncipio Escobedo y la Ciudad de Tampico consolidaron una sinergia estrat\u00e9gica para intercambiar pol\u00edticas p\u00fablicas, fortalecer sus modelos de desarrollo y avanzar hacia una transformaci\u00f3n que genere bienestar, prosperidad compartida y Crecimiento con Justicia en ambas entidades.En la Presidencia Municipal del Puerto y ante los integrantes de ambos Cabildos, el Alcalde Andr\u00e9s Mijes y [&hellip;]<\/p>\n","protected":false},"author":1,"featured_media":142561,"comment_status":"open","ping_status":"open","sticky":true,"template":"","format":"standard","meta":{"footnotes":""},"categories":[2,5],"tags":[],"_links":{"self":[{"href":"https:\/\/diariodigitalmx.com\/index.php\/wp-json\/wp\/v2\/posts\/142558"}],"collection":[{"href":"https:\/\/diariodigitalmx.com\/index.php\/wp-json\/wp\/v2\/posts"}],"about":[{"href":"https:\/\/diariodigitalmx.com\/index.php\/wp-json\/wp\/v2\/types\/post"}],"author":[{"embeddable":true,"href":"https:\/\/diariodigitalmx.com\/index.php\/wp-json\/wp\/v2\/users\/1"}],"replies":[{"embeddable":true,"href":"https:\/\/diariodigitalmx.com\/index.php\/wp-json\/wp\/v2\/comments?post=142558"}],"version-history":[{"count":3,"href":"https:\/\/diariodigitalmx.com\/index.php\/wp-json\/wp\/v2\/posts\/142558\/revisions"}],"predecessor-version":[{"id":142568,"href":"https:\/\/diariodigitalmx.com\/index.php\/wp-json\/wp\/v2\/posts\/142558\/revisions\/142568"}],"wp:featuredmedia":[{"embeddable":true,"href":"https:\/\/diariodigitalmx.com\/index.php\/wp-json\/wp\/v2\/media\/142561"}],"wp:attachment":[{"href":"https:\/\/diariodigitalmx.com\/index.php\/wp-json\/wp\/v2\/media?parent=142558"}],"wp:term":[{"taxonomy":"category","embeddable":true,"href":"https:\/\/diariodigitalmx.com\/index.php\/wp-json\/wp\/v2\/categories?post=142558"},{"taxonomy":"post_tag","embeddable":true,"href":"https:\/\/diariodigitalmx.com\/index.php\/wp-json\/wp\/v2\/tags?post=142558"}],"curies":[{"name":"wp","href":"https:\/\/api.w.org\/{rel}","templated":true}]}}