{"id":142624,"date":"2025-11-23T23:28:41","date_gmt":"2025-11-24T05:28:41","guid":{"rendered":"https:\/\/diariodigitalmx.com\/?p=142624"},"modified":"2025-11-23T23:35:09","modified_gmt":"2025-11-24T05:35:09","slug":"abre-samuel-garcia-otro-frente-de-guerra-contra-el-pri-al-que-llama-pinches-ratas","status":"publish","type":"post","link":"https:\/\/diariodigitalmx.com\/index.php\/2025\/11\/23\/abre-samuel-garcia-otro-frente-de-guerra-contra-el-pri-al-que-llama-pinches-ratas\/","title":{"rendered":"Abre Samuel Garc\u00eda otro frente de guerra contra el PRI al que llama \u201cpinches ratas\u201d"},"content":{"rendered":"\n<p>Monterrey. &#8211; Tras unos meses de aparente calma, el gobernador de Nuevo Le\u00f3n volvi\u00f3 a abrir un nuevo frente de guerra contra la oposici\u00f3n, en concreto, contra el PRI, partido al que, calific\u00f3 de corrupto.<\/p>\n\n\n\n<p>Al volver a atizar las cenizas del enfrentamiento que tuvieron ambas partes por m\u00e1s de dos a\u00f1os, el gobernante asegur\u00f3 que al preguntar a la&nbsp;ciudadan\u00eda por el PRI, la respuesta suele relacionarse con pr\u00e1cticas negativas.<br>&#8220;Cuando le preguntas a un mexicano \u00bfqu\u00e9 es Movimiento Ciudadano?, \u00bfqu\u00e9 quisi\u00e9ramos que diga?, pues est\u00e1 bien f\u00e1cil verdad&#8221;,<\/p>\n\n\n\n<p>&#8220;T\u00fa le preguntas a alguien, oye, \u00bfqu\u00e9 es el PRI?: pinches ratas.<\/p>\n\n\n\n<p>&#8220;Hoy no soy Gobernador, soy ciudadano, es domingo, as\u00ed que me voy a dejar caer&#8221;, expuso frente a j\u00f3venes en el Foro Nacional Gobernanza y Participaci\u00f3n Ciudadana para el M\u00e9xico Nuevo.<\/p>\n\n\n\n<p>Garc\u00eda quien tiene en Movimiento ciudadano y en su administraci\u00f3n viejos pol\u00edticos provenientes de otros partidos, volvi\u00f3 a la narrativa de la vieja pol\u00edtica.&#8221;Para m\u00ed todos son vieja pol\u00edtica porque ya tuvieron la oportunidad de gobernar y lo hicieron mal, por eso yo le digo la vieja pol\u00edtica. Antes estaba bien pinqui porque era dos partidos, PRI o PAN y puros impresentables, pura rata vieja&#8221;.<\/p>\n","protected":false},"excerpt":{"rendered":"<p>Monterrey. &#8211; Tras unos meses de aparente calma, el gobernador de Nuevo Le\u00f3n volvi\u00f3 a abrir un nuevo frente de guerra contra la oposici\u00f3n, en concreto, contra el PRI, partido al que, calific\u00f3 de corrupto. Al volver a atizar las cenizas del enfrentamiento que tuvieron ambas partes por m\u00e1s de dos a\u00f1os, el gobernante asegur\u00f3 [&hellip;]<\/p>\n","protected":false},"author":1,"featured_media":142626,"comment_status":"open","ping_status":"open","sticky":true,"template":"","format":"standard","meta":{"footnotes":""},"categories":[6],"tags":[],"_links":{"self":[{"href":"https:\/\/diariodigitalmx.com\/index.php\/wp-json\/wp\/v2\/posts\/142624"}],"collection":[{"href":"https:\/\/diariodigitalmx.com\/index.php\/wp-json\/wp\/v2\/posts"}],"about":[{"href":"https:\/\/diariodigitalmx.com\/index.php\/wp-json\/wp\/v2\/types\/post"}],"author":[{"embeddable":true,"href":"https:\/\/diariodigitalmx.com\/index.php\/wp-json\/wp\/v2\/users\/1"}],"replies":[{"embeddable":true,"href":"https:\/\/diariodigitalmx.com\/index.php\/wp-json\/wp\/v2\/comments?post=142624"}],"version-history":[{"count":1,"href":"https:\/\/diariodigitalmx.com\/index.php\/wp-json\/wp\/v2\/posts\/142624\/revisions"}],"predecessor-version":[{"id":142625,"href":"https:\/\/diariodigitalmx.com\/index.php\/wp-json\/wp\/v2\/posts\/142624\/revisions\/142625"}],"wp:featuredmedia":[{"embeddable":true,"href":"https:\/\/diariodigitalmx.com\/index.php\/wp-json\/wp\/v2\/media\/142626"}],"wp:attachment":[{"href":"https:\/\/diariodigitalmx.com\/index.php\/wp-json\/wp\/v2\/media?parent=142624"}],"wp:term":[{"taxonomy":"category","embeddable":true,"href":"https:\/\/diariodigitalmx.com\/index.php\/wp-json\/wp\/v2\/categories?post=142624"},{"taxonomy":"post_tag","embeddable":true,"href":"https:\/\/diariodigitalmx.com\/index.php\/wp-json\/wp\/v2\/tags?post=142624"}],"curies":[{"name":"wp","href":"https:\/\/api.w.org\/{rel}","templated":true}]}}