{"id":142712,"date":"2025-11-26T05:54:25","date_gmt":"2025-11-26T11:54:25","guid":{"rendered":"https:\/\/diariodigitalmx.com\/?p=142712"},"modified":"2025-11-26T09:29:39","modified_gmt":"2025-11-26T15:29:39","slug":"reparto-de-culpas","status":"publish","type":"post","link":"https:\/\/diariodigitalmx.com\/index.php\/2025\/11\/26\/reparto-de-culpas\/","title":{"rendered":"Reparto de culpas"},"content":{"rendered":"\n<p>De frente y de perfil<\/p>\n\n\n\n<p>Ram\u00f3n Zurita Sahag\u00fan <\/p>\n\n\n\n<p>Cuando no se tiene voluntad de resolver los problemas o se es ineficiente para afrontarlos se recurre al reparto de culpas, para quitarse la responsabilidad<\/p>\n\n\n\n<p>Por eso ,tienen raz\u00f3n los que dicen que los problemas deben resolverse, antes que devengan en algo m\u00e1s fuerte.<\/p>\n\n\n\n<p>En los d\u00edas recientes, una serie de problemas han estallado, ante la poca atenci\u00f3n que les puso el gobierno federal.<\/p>\n\n\n\n<p>No es el acabose como presagian algunos, ni se acerca el fin de la Cuarta Transformaci\u00f3n como anticipan otros m\u00e1s, pero se deben atender con soluciones pr\u00e1cticas.<\/p>\n\n\n\n<p>Las mesas de trabajo son buenas, siempre y cuando se mantenga un di\u00e1logo franco, abierto y con propuestas realizables.<\/p>\n\n\n\n<p>De nada sirve entretener a los quejosos, mantenerlos sentados, si como estrategia se usa el amedrentarlos, condicionarlos o hasta chantajearlos.<\/p>\n\n\n\n<p>Los problemas en el campo son serios y no han sido resueltos y aunque no todo es culpa de la 4T, no se gana nada con remontarnos con se\u00f1alamientos al pasado, como acostumbran los morenos cuando muestran su ineficacia.<\/p>\n\n\n\n<p>El problema de inseguridad se viene reportando desde hace mucho, especialmente en los siete a\u00f1os que tiene el grupo en el poder y mientras la enfermedad avanza, solamente salen con ung\u00fcentos y p\u00f3cimas.<\/p>\n\n\n\n<p>La crisis en el campo es palpable, por los altos costos para la producci\u00f3n, la falta de apoyos, los intermediarios y m\u00e1s recientemente las extorsiones, todos hacen un conjunto de problemas que no han sido resueltos y solamente se posponen.<\/p>\n\n\n\n<p>Pero el problema de los transportistas y los productores del campo, solamente son dos piezas dentro del complejo tablero de ajedrez de la pol\u00edtica.<\/p>\n\n\n\n<p>Quienes protestan se quejan de que el gobierno les da atole con el dedo, mientras que las autoridades minimizan los reclamos.<\/p>\n\n\n\n<p>Julio Berdegu\u00e9 desestim\u00f3 las protestas, asegurando que no hab\u00eda razones para ellas y manifest\u00f3 que existen m\u00e1s de 200 reuniones con ellos y afirm\u00f3 que las cosechas del pr\u00f3ximo ciclo fluyen, mientras que la secretaria de Gobernaci\u00f3n, Rosa Icela Rodr\u00edguez acus\u00f3 que los megabloqueos tienen motivaci\u00f3n pol\u00edtica.<\/p>\n\n\n\n<p>A todo le ven el lado pol\u00edtico y al igual que con las marchas y manifestaciones, el gobierno ubica detr\u00e1s de todas estas expresiones a militantes del PAN, PRI y otros partidos de oposici\u00f3n y se olvida que en la protesta tambi\u00e9n hay militantes de MORENA que no est\u00e1n conforme con el trato que se da a los productores del campo.<\/p>\n\n\n\n<p>Hace unas cuantas semanas se realizaron otras protestas de agricultores, principalmente de Jalisco, Michoac\u00e1n y Guanajuato, donde se convino un precio de $7,200 por tonelada de ma\u00edz, aunque solamente fue para quienes se encuentran en esa zona del Baj\u00edo.<\/p>\n\n\n\n<p>Sin embargo, la soluci\u00f3n a los problemas del campo todav\u00eda se esperan y no se advierte una voluntad de las autoridades para resolverlos.<\/p>\n\n\n\n<p>Eso s\u00ed, el gobierno ahora si ve que se afectan a terceros con los bloqueos y se olvidan que ellos hicieron lo propio durante varios lustros y que los que deben resolver los problemas son los morenos enquistados en el gobierno federal.<\/p>\n\n\n\n<pre class=\"wp-block-code\"><code>                                                       \u2026\u2026\u2026\u2026\u2026\u2026\u2026\u2026\u2026<\/code><\/pre>\n\n\n\n<p>Tuvo que salir la presidenta Claudia Sheinbaum para matizar las palabras de la Rosa Icela Rodr\u00edguez sobre los transportistas que bloquearon carreteras en el pa\u00eds. Al estilo de Fidel Vel\u00e1zquez o del cl\u00e1sico Vicente Fox, dice que se malinterpretaron las palabras de la secretaria de Gobernaci\u00f3n, aunque la titular del Poder Ejecutivo dej\u00f3 caer la sospecha de que dentro de los que se manifiestan hay quienes quieren solamente mantener sus privilegios, aunque no dio nombres.<\/p>\n\n\n\n<p>Email: ramonzurita44@hotmail.com<\/p>\n\n\n\n<p>Email: ramonzurita44@gmail.com<\/p>\n","protected":false},"excerpt":{"rendered":"<p>De frente y de perfil Ram\u00f3n Zurita Sahag\u00fan Cuando no se tiene voluntad de resolver los problemas o se es ineficiente para afrontarlos se recurre al reparto de culpas, para quitarse la responsabilidad Por eso ,tienen raz\u00f3n los que dicen que los problemas deben resolverse, antes que devengan en algo m\u00e1s fuerte. En los d\u00edas [&hellip;]<\/p>\n","protected":false},"author":1,"featured_media":142723,"comment_status":"open","ping_status":"open","sticky":true,"template":"","format":"standard","meta":{"footnotes":""},"categories":[12],"tags":[],"_links":{"self":[{"href":"https:\/\/diariodigitalmx.com\/index.php\/wp-json\/wp\/v2\/posts\/142712"}],"collection":[{"href":"https:\/\/diariodigitalmx.com\/index.php\/wp-json\/wp\/v2\/posts"}],"about":[{"href":"https:\/\/diariodigitalmx.com\/index.php\/wp-json\/wp\/v2\/types\/post"}],"author":[{"embeddable":true,"href":"https:\/\/diariodigitalmx.com\/index.php\/wp-json\/wp\/v2\/users\/1"}],"replies":[{"embeddable":true,"href":"https:\/\/diariodigitalmx.com\/index.php\/wp-json\/wp\/v2\/comments?post=142712"}],"version-history":[{"count":2,"href":"https:\/\/diariodigitalmx.com\/index.php\/wp-json\/wp\/v2\/posts\/142712\/revisions"}],"predecessor-version":[{"id":142714,"href":"https:\/\/diariodigitalmx.com\/index.php\/wp-json\/wp\/v2\/posts\/142712\/revisions\/142714"}],"wp:featuredmedia":[{"embeddable":true,"href":"https:\/\/diariodigitalmx.com\/index.php\/wp-json\/wp\/v2\/media\/142723"}],"wp:attachment":[{"href":"https:\/\/diariodigitalmx.com\/index.php\/wp-json\/wp\/v2\/media?parent=142712"}],"wp:term":[{"taxonomy":"category","embeddable":true,"href":"https:\/\/diariodigitalmx.com\/index.php\/wp-json\/wp\/v2\/categories?post=142712"},{"taxonomy":"post_tag","embeddable":true,"href":"https:\/\/diariodigitalmx.com\/index.php\/wp-json\/wp\/v2\/tags?post=142712"}],"curies":[{"name":"wp","href":"https:\/\/api.w.org\/{rel}","templated":true}]}}