{"id":143106,"date":"2025-12-09T07:09:49","date_gmt":"2025-12-09T13:09:49","guid":{"rendered":"https:\/\/diariodigitalmx.com\/?p=143106"},"modified":"2025-12-09T07:10:15","modified_gmt":"2025-12-09T13:10:15","slug":"el-poder-de-tu-agenda","status":"publish","type":"post","link":"https:\/\/diariodigitalmx.com\/index.php\/2025\/12\/09\/el-poder-de-tu-agenda\/","title":{"rendered":"El poder de tu agenda"},"content":{"rendered":"\n<p>Gabriel Contreras<\/p>\n\n\n\n<p>Acabo de comprar una nueva agenda, y lo cierto es que una agenda de papel es algo que me entusiasma desde siempre, aunque reconozco que tambi\u00e9n tengo agendas en todas mis terminales.<br>Avancemos, cada a\u00f1o busco la agenda que sea m\u00e1s cara, la m\u00e1s bonita y la m\u00e1s \u00fatil, porque estoy convencido de que es un instrumento fundamental para cualquier proyecto, no importa si es muy peque\u00f1o o muy ambicioso.<\/p>\n\n\n\n<p>Literalmente, cualquier proyecto tiene que pasar por tu agenda, y esa es la manera de protegerlo, e incluso me atrever\u00eda a decir que esa es la manera de garantizarlo, porque la agenda es una protecci\u00f3n contra tu propia desmemoria; es una protecci\u00f3n contra ti mismo en caso de que seas una persona descuidada o desordenada.<br>En s\u00edntesis, que pasa m\u00ed la agenda es valios\u00edsima, es una aut\u00e9ntica inversi\u00f3n.<\/p>\n","protected":false},"excerpt":{"rendered":"<p>Gabriel Contreras Acabo de comprar una nueva agenda, y lo cierto es que una agenda de papel es algo que me entusiasma desde siempre, aunque reconozco que tambi\u00e9n tengo agendas en todas mis terminales.Avancemos, cada a\u00f1o busco la agenda que sea m\u00e1s cara, la m\u00e1s bonita y la m\u00e1s \u00fatil, porque estoy convencido de que [&hellip;]<\/p>\n","protected":false},"author":1,"featured_media":143108,"comment_status":"open","ping_status":"open","sticky":true,"template":"","format":"standard","meta":{"footnotes":""},"categories":[12],"tags":[],"_links":{"self":[{"href":"https:\/\/diariodigitalmx.com\/index.php\/wp-json\/wp\/v2\/posts\/143106"}],"collection":[{"href":"https:\/\/diariodigitalmx.com\/index.php\/wp-json\/wp\/v2\/posts"}],"about":[{"href":"https:\/\/diariodigitalmx.com\/index.php\/wp-json\/wp\/v2\/types\/post"}],"author":[{"embeddable":true,"href":"https:\/\/diariodigitalmx.com\/index.php\/wp-json\/wp\/v2\/users\/1"}],"replies":[{"embeddable":true,"href":"https:\/\/diariodigitalmx.com\/index.php\/wp-json\/wp\/v2\/comments?post=143106"}],"version-history":[{"count":1,"href":"https:\/\/diariodigitalmx.com\/index.php\/wp-json\/wp\/v2\/posts\/143106\/revisions"}],"predecessor-version":[{"id":143107,"href":"https:\/\/diariodigitalmx.com\/index.php\/wp-json\/wp\/v2\/posts\/143106\/revisions\/143107"}],"wp:featuredmedia":[{"embeddable":true,"href":"https:\/\/diariodigitalmx.com\/index.php\/wp-json\/wp\/v2\/media\/143108"}],"wp:attachment":[{"href":"https:\/\/diariodigitalmx.com\/index.php\/wp-json\/wp\/v2\/media?parent=143106"}],"wp:term":[{"taxonomy":"category","embeddable":true,"href":"https:\/\/diariodigitalmx.com\/index.php\/wp-json\/wp\/v2\/categories?post=143106"},{"taxonomy":"post_tag","embeddable":true,"href":"https:\/\/diariodigitalmx.com\/index.php\/wp-json\/wp\/v2\/tags?post=143106"}],"curies":[{"name":"wp","href":"https:\/\/api.w.org\/{rel}","templated":true}]}}