{"id":143374,"date":"2025-12-16T01:24:44","date_gmt":"2025-12-16T07:24:44","guid":{"rendered":"https:\/\/diariodigitalmx.com\/?p=143374"},"modified":"2025-12-16T01:25:13","modified_gmt":"2025-12-16T07:25:13","slug":"se-concreta-venta-de-banamex-a-chico-pardo","status":"publish","type":"post","link":"https:\/\/diariodigitalmx.com\/index.php\/2025\/12\/16\/se-concreta-venta-de-banamex-a-chico-pardo\/","title":{"rendered":"Se concreta venta de Banamex a Chico Pardo"},"content":{"rendered":"\n<p>Se concret\u00f3 por parte de Citi la venta del 25% de Banamex a Fernando Chico Pardo quien asumi\u00f3 de inmediato la presidencia del Consejo de Administraci\u00f3n de Grupo Financiero Banamex<br>La operaci\u00f3n se da casi tres meses de que se anunci\u00f3 la venta.<br>\u201cEl cierre de esta operaci\u00f3n nos acerca a nuestra prioridad estrat\u00e9gica de desinvertir en Banamex y lo pone en manos de uno de los inversionistas mexicanos m\u00e1s exitosos\u201d, dijo Jane Fraser, presidenta y directora general de Citi.<br>Esta decisi\u00f3n tambi\u00e9n fortalece el compromiso de Citi con M\u00e9xico, al invertir en plataformas, talento y relaciones que respalden su posici\u00f3n de liderazgo y permitan un crecimiento sostenido en beneficio de sus clientes y accionistas, agreg\u00f3 Fraser.<br>La transacci\u00f3n recibi\u00f3 todas las autorizaciones necesarias de los reguladores financieros y de competencia mexicanos, adem\u00e1s de cumplir con la totalidad de las condiciones de cierre.<br>Fernando Chico Pardo se\u00f1al\u00f3 que con esta operaci\u00f3n inicia su camino como el accionista individual privado m\u00e1s grande de Banamex.<br>Este proyecto es m\u00e1s que un compromiso financiero, es profundamente personal. Estoy orgulloso de liderarlo con mis hijos, asegurando que Banamex se mantenga como pilar del futuro de M\u00e9xico.<br>La transacci\u00f3n se valu\u00f3 en 42 mil millones de pesos.<\/p>\n","protected":false},"excerpt":{"rendered":"<p>Se concret\u00f3 por parte de Citi la venta del 25% de Banamex a Fernando Chico Pardo quien asumi\u00f3 de inmediato la presidencia del Consejo de Administraci\u00f3n de Grupo Financiero BanamexLa operaci\u00f3n se da casi tres meses de que se anunci\u00f3 la venta.\u201cEl cierre de esta operaci\u00f3n nos acerca a nuestra prioridad estrat\u00e9gica de desinvertir en [&hellip;]<\/p>\n","protected":false},"author":1,"featured_media":143376,"comment_status":"open","ping_status":"open","sticky":true,"template":"","format":"standard","meta":{"footnotes":""},"categories":[10,3,5],"tags":[],"_links":{"self":[{"href":"https:\/\/diariodigitalmx.com\/index.php\/wp-json\/wp\/v2\/posts\/143374"}],"collection":[{"href":"https:\/\/diariodigitalmx.com\/index.php\/wp-json\/wp\/v2\/posts"}],"about":[{"href":"https:\/\/diariodigitalmx.com\/index.php\/wp-json\/wp\/v2\/types\/post"}],"author":[{"embeddable":true,"href":"https:\/\/diariodigitalmx.com\/index.php\/wp-json\/wp\/v2\/users\/1"}],"replies":[{"embeddable":true,"href":"https:\/\/diariodigitalmx.com\/index.php\/wp-json\/wp\/v2\/comments?post=143374"}],"version-history":[{"count":1,"href":"https:\/\/diariodigitalmx.com\/index.php\/wp-json\/wp\/v2\/posts\/143374\/revisions"}],"predecessor-version":[{"id":143375,"href":"https:\/\/diariodigitalmx.com\/index.php\/wp-json\/wp\/v2\/posts\/143374\/revisions\/143375"}],"wp:featuredmedia":[{"embeddable":true,"href":"https:\/\/diariodigitalmx.com\/index.php\/wp-json\/wp\/v2\/media\/143376"}],"wp:attachment":[{"href":"https:\/\/diariodigitalmx.com\/index.php\/wp-json\/wp\/v2\/media?parent=143374"}],"wp:term":[{"taxonomy":"category","embeddable":true,"href":"https:\/\/diariodigitalmx.com\/index.php\/wp-json\/wp\/v2\/categories?post=143374"},{"taxonomy":"post_tag","embeddable":true,"href":"https:\/\/diariodigitalmx.com\/index.php\/wp-json\/wp\/v2\/tags?post=143374"}],"curies":[{"name":"wp","href":"https:\/\/api.w.org\/{rel}","templated":true}]}}