{"id":143425,"date":"2025-12-18T10:16:10","date_gmt":"2025-12-18T16:16:10","guid":{"rendered":"https:\/\/diariodigitalmx.com\/?p=143425"},"modified":"2025-12-18T10:20:46","modified_gmt":"2025-12-18T16:20:46","slug":"tiene-prepa-2-cierre-de-campeonato","status":"publish","type":"post","link":"https:\/\/diariodigitalmx.com\/index.php\/2025\/12\/18\/tiene-prepa-2-cierre-de-campeonato\/","title":{"rendered":"Tiene Prepa 2 cierre de campeonato"},"content":{"rendered":"\n<figure class=\"wp-block-image size-large\"><img loading=\"lazy\" decoding=\"async\" width=\"1024\" height=\"683\" src=\"https:\/\/diariodigitalmx.com\/wp-content\/uploads\/2025\/12\/96628-1024x683.jpg\" alt=\"\" class=\"wp-image-143431\" srcset=\"https:\/\/diariodigitalmx.com\/wp-content\/uploads\/2025\/12\/96628-1024x683.jpg 1024w, https:\/\/diariodigitalmx.com\/wp-content\/uploads\/2025\/12\/96628-300x200.jpg 300w, https:\/\/diariodigitalmx.com\/wp-content\/uploads\/2025\/12\/96628-768x512.jpg 768w, https:\/\/diariodigitalmx.com\/wp-content\/uploads\/2025\/12\/96628-1536x1024.jpg 1536w, https:\/\/diariodigitalmx.com\/wp-content\/uploads\/2025\/12\/96628-2048x1365.jpg 2048w\" sizes=\"(max-width: 1024px) 100vw, 1024px\" \/><\/figure>\n\n\n\n<p>*Tiene en agosto-diciembre 2025, 2 primeros lugares, 3 segundos y un tercero en deportes de conjunto, y 47 medallas en competencias individuales<\/p>\n\n\n\n<p>Por: Ra\u00fal E. Guevara Ortiz\/Prensa Prepa 2.- \u201cEs un orgullo para nuestra instituci\u00f3n nuevamente reafirmar que somos una escuela de campeones, que siempre peleamos como guerreros en cada cancha, duela, tatami, pista u otro escenario donde disputemos una medalla o un trofeo\u201d dijo el M.E.S. \u00d3scar Cort\u00e9 Torres, director de la Preparatoria N\u00b0 2 a cerca de un centenar de sus deportistas congregados en el \u201cDesayuno de Campeones\u201d celebrado en las instalaciones de la instituci\u00f3n universitaria.<\/p>\n\n\n\n<figure class=\"wp-block-image size-large\"><img loading=\"lazy\" decoding=\"async\" width=\"1024\" height=\"989\" src=\"https:\/\/diariodigitalmx.com\/wp-content\/uploads\/2025\/12\/96635-1024x989.jpg\" alt=\"\" class=\"wp-image-143435\" srcset=\"https:\/\/diariodigitalmx.com\/wp-content\/uploads\/2025\/12\/96635-1024x989.jpg 1024w, https:\/\/diariodigitalmx.com\/wp-content\/uploads\/2025\/12\/96635-300x290.jpg 300w, https:\/\/diariodigitalmx.com\/wp-content\/uploads\/2025\/12\/96635-768x742.jpg 768w, https:\/\/diariodigitalmx.com\/wp-content\/uploads\/2025\/12\/96635-1536x1483.jpg 1536w, https:\/\/diariodigitalmx.com\/wp-content\/uploads\/2025\/12\/96635-2048x1978.jpg 2048w\" sizes=\"(max-width: 1024px) 100vw, 1024px\" \/><\/figure>\n\n\n\n<p>Dos campeonatos en las disciplinas de b\u00e1squetbol y f\u00fatbol asociaci\u00f3n ambas en la rama femenil, tres segundos lugares en b\u00e1squetbol y tercias de basquetbol varonil, adem\u00e1s de f\u00fatbol r\u00e1pido, aunado al tercer lugar en b\u00e9isbol varonil, fueron el resultado de los Vaqueros en las competencias de deportes de conjunto.<\/p>\n\n\n\n<figure class=\"wp-block-gallery has-nested-images columns-default is-cropped wp-block-gallery-1 is-layout-flex wp-block-gallery-is-layout-flex\">\n<figure class=\"wp-block-image size-large\"><img loading=\"lazy\" decoding=\"async\" width=\"1024\" height=\"683\" data-id=\"143433\" src=\"https:\/\/diariodigitalmx.com\/wp-content\/uploads\/2025\/12\/96625-1024x683.jpg\" alt=\"\" class=\"wp-image-143433\" srcset=\"https:\/\/diariodigitalmx.com\/wp-content\/uploads\/2025\/12\/96625-1024x683.jpg 1024w, https:\/\/diariodigitalmx.com\/wp-content\/uploads\/2025\/12\/96625-300x200.jpg 300w, https:\/\/diariodigitalmx.com\/wp-content\/uploads\/2025\/12\/96625-768x512.jpg 768w, https:\/\/diariodigitalmx.com\/wp-content\/uploads\/2025\/12\/96625-1536x1024.jpg 1536w, https:\/\/diariodigitalmx.com\/wp-content\/uploads\/2025\/12\/96625-2048x1365.jpg 2048w\" sizes=\"(max-width: 1024px) 100vw, 1024px\" \/><\/figure>\n\n\n\n<figure class=\"wp-block-image size-large\"><img loading=\"lazy\" decoding=\"async\" width=\"1024\" height=\"683\" data-id=\"143434\" src=\"https:\/\/diariodigitalmx.com\/wp-content\/uploads\/2025\/12\/96626-1024x683.jpg\" alt=\"\" class=\"wp-image-143434\" srcset=\"https:\/\/diariodigitalmx.com\/wp-content\/uploads\/2025\/12\/96626-1024x683.jpg 1024w, https:\/\/diariodigitalmx.com\/wp-content\/uploads\/2025\/12\/96626-300x200.jpg 300w, https:\/\/diariodigitalmx.com\/wp-content\/uploads\/2025\/12\/96626-768x512.jpg 768w, https:\/\/diariodigitalmx.com\/wp-content\/uploads\/2025\/12\/96626-1536x1024.jpg 1536w, https:\/\/diariodigitalmx.com\/wp-content\/uploads\/2025\/12\/96626-2048x1365.jpg 2048w\" sizes=\"(max-width: 1024px) 100vw, 1024px\" \/><\/figure>\n<\/figure>\n\n\n\n<p>Mientras que en las competencias individuales, sus deportistas alcanzaron 4,medallas de oro, 1 plata y 1 bronce en karate do, 1 oro y 3 bronces en e-sport, 8 oros, 6 platas, 4 bronces, 2\u00ba., y 3er. Lugar por equipo femeniles en lucha, ol\u00edmpica, 1 oro, 3 platas y 4 bronces en tae kwon do, 3 oros, 1 plata y 4 bronces en lima lama, 2 platas y 4 bronces en nataci\u00f3n y 1 oro en atletismo, fue la cosecha de los Vaqueros y Vaqueras en las competencias realizadas de agosto a diciembre en diferentes escenarios de la Universidad Aut\u00f3noma de Nuevo Le\u00f3n.<\/p>\n\n\n\n<p>\u201cEste a\u00f1o en que conmemoramos el 70 aniversario de la fundaci\u00f3n, hemos cosechado una gran cantidad de triunfos de los cuales, estoy seguro que con esta motivaci\u00f3n durante el 2026 saldremos a refrendar la calidad de ustedes que son el alma de nuestra instituci\u00f3n, no solo en el \u00e1rea acad\u00e9mica, sino tambi\u00e9n en la deportiva\u201d, mencion\u00f3 Cort\u00e9s Torres a sus estudiantes.<\/p>\n\n\n\n<p>Como marco final del evento desarrollado en la Sala de Usos M\u00faltiples, a donde acudi\u00f3 en compa\u00f1\u00eda de la subdirectora administrativa, Brenda Gonz\u00e1lez L\u00f3pez, del subdirector acad\u00e9mico Edgar Iv\u00e1n Galindo Galindo, C\u00e9sar Zamora Montemayor coordinador de deportes y de los diferentes entrenadores de las disciplinas ganadoras, el Maestro \u00d3scar Cort\u00e9s Torres, pos\u00f3 para la foto oficial del recuerdo, que engalanar\u00e1 las p\u00e1ginas hist\u00f3ricas de la Preparatoria y sus diferentes plataformas digitales.<\/p>\n","protected":false},"excerpt":{"rendered":"<p>*Tiene en agosto-diciembre 2025, 2 primeros lugares, 3 segundos y un tercero en deportes de conjunto, y 47 medallas en competencias individuales Por: Ra\u00fal E. Guevara Ortiz\/Prensa Prepa 2.- \u201cEs un orgullo para nuestra instituci\u00f3n nuevamente reafirmar que somos una escuela de campeones, que siempre peleamos como guerreros en cada cancha, duela, tatami, pista u [&hellip;]<\/p>\n","protected":false},"author":1,"featured_media":143427,"comment_status":"open","ping_status":"open","sticky":true,"template":"","format":"standard","meta":{"footnotes":""},"categories":[8,14],"tags":[],"_links":{"self":[{"href":"https:\/\/diariodigitalmx.com\/index.php\/wp-json\/wp\/v2\/posts\/143425"}],"collection":[{"href":"https:\/\/diariodigitalmx.com\/index.php\/wp-json\/wp\/v2\/posts"}],"about":[{"href":"https:\/\/diariodigitalmx.com\/index.php\/wp-json\/wp\/v2\/types\/post"}],"author":[{"embeddable":true,"href":"https:\/\/diariodigitalmx.com\/index.php\/wp-json\/wp\/v2\/users\/1"}],"replies":[{"embeddable":true,"href":"https:\/\/diariodigitalmx.com\/index.php\/wp-json\/wp\/v2\/comments?post=143425"}],"version-history":[{"count":3,"href":"https:\/\/diariodigitalmx.com\/index.php\/wp-json\/wp\/v2\/posts\/143425\/revisions"}],"predecessor-version":[{"id":143436,"href":"https:\/\/diariodigitalmx.com\/index.php\/wp-json\/wp\/v2\/posts\/143425\/revisions\/143436"}],"wp:featuredmedia":[{"embeddable":true,"href":"https:\/\/diariodigitalmx.com\/index.php\/wp-json\/wp\/v2\/media\/143427"}],"wp:attachment":[{"href":"https:\/\/diariodigitalmx.com\/index.php\/wp-json\/wp\/v2\/media?parent=143425"}],"wp:term":[{"taxonomy":"category","embeddable":true,"href":"https:\/\/diariodigitalmx.com\/index.php\/wp-json\/wp\/v2\/categories?post=143425"},{"taxonomy":"post_tag","embeddable":true,"href":"https:\/\/diariodigitalmx.com\/index.php\/wp-json\/wp\/v2\/tags?post=143425"}],"curies":[{"name":"wp","href":"https:\/\/api.w.org\/{rel}","templated":true}]}}