{"id":143471,"date":"2025-12-19T08:39:06","date_gmt":"2025-12-19T14:39:06","guid":{"rendered":"https:\/\/diariodigitalmx.com\/?p=143471"},"modified":"2025-12-19T08:40:06","modified_gmt":"2025-12-19T14:40:06","slug":"prohibir-las-redes-sociales-a-menores","status":"publish","type":"post","link":"https:\/\/diariodigitalmx.com\/index.php\/2025\/12\/19\/prohibir-las-redes-sociales-a-menores\/","title":{"rendered":"Prohibir las redes sociales a menores"},"content":{"rendered":"\n<p>\u00d3scar Tamez Rodr\u00edguez<br>Australia pone el ejemplo al prohibir el uso de las redes sociales a menores de diecis\u00e9is a\u00f1os; exige que las plataformas coloquen candados que certifiquen la edad requerida en sus usuarios. La acci\u00f3n debe ser copiada.<br>La proliferaci\u00f3n de delitos cometidos a menores de edad por abusadores est\u00e1 en creciente, es un problema de la sociedad del tercer milenio que amenaza a las familias, lo peor de todo, entra a los hogares por la puerta principal.<br>Se asume que los hogares son el lugar seguro, el espacio vital de todo ser humano, el refugio ante la violencia, inseguridad, peligros y dem\u00e1s acosos que atentan contra las personas, sean adultos o menores, sin embargo, la ciberviolencia, el grooming la violencia digital, la violencia virtual y otras formas de violencia provocada por la conexi\u00f3n al ciberespacio se viven en el seno de los hogares con mayor incidencia.<br>Los menores acceden al mundo virtual con mayor recurrencia desde el hogar, utilizando los equipos otorgados por sus padres o tutores, estando en el sitio de mayor confort, armon\u00eda o agrado para ellos, los victimarios llegan hasta su intimidad dom\u00e9stica para violentarlos.<br>Los menores est\u00e1n indefensos frente a las agresiones, la violencia que les llega a trav\u00e9s de sus equipos \u201cinteligentes\u201d, entrecomillo lo de inteligentes porque son tan ingenuos e inocentes como sus usuarios al no poder distinguir a un violentador que llama a sus pantallas.<br>Es inconcebible que los padres y tutores de los menores violentados se convierten en c\u00f3mplices pasivos de los agresores, lo hacen por indolencia, desconocimiento, apat\u00eda, conformismo, negligencia, falta de autoridad y liderazgo frente a sus menores, son c\u00f3mplices por no asumir la responsabilidad que conlleva poner en las manos de sus hijos un artefacto que puede ser tan letal como un arma de fuego, son c\u00f3mplices pasivos porque ante la comodidad de tener a los hijos \u201cno molestando\u201d los dejan a la deriva en las redes sociales.<br>La violencia que se ejerce desde el hogar y a trav\u00e9s de las pantallas de un equipo conectado a la s\u00faper carretera va desde la emocional, mental y espiritual; puede seg\u00fan la intensidad, llevar al menor afectado a ser v\u00edctima de la violencia f\u00edsica o incluso a la desesperaci\u00f3n que les encamine a atentar contra su vida.<br>M\u00e9xico es un pa\u00eds de \u00edndices elevados en violencia a menores y adultos a trav\u00e9s de las redes sociales seg\u00fan datos oficiales.<br>M\u00e1s del 20% de los mayores de 12 y menores de 17 a\u00f1os usuarios de redes sociales han padecido alguna forma de violencia a trav\u00e9s de sus pantallas del tel\u00e9fono o la computadora.<br>El INEGI report\u00f3 el 17 de julio de 2025 que de los 130 millones de mexicanos, existimos 107.8 millones de personas mayores de 12 a\u00f1os, de los cuales, 90.3 millones somos usuarios de internet, es decir el 83.7% del total en el rango.<br>En ese universo de 90.3 millones de usuarios, el 21% padecimos alguna forma de ciberacoso. Peor a\u00fan, el 26.6% de las mujeres y el 22.9% de mexicanos entre 12 y 19 a\u00f1os fueron v\u00edctimas de los atacantes.<br>Algo se tiene que hacer desde la legislaci\u00f3n, es urgente blindar a nuestros infantes de la ciberviolencia, sumado a que los padres y tutores se apliquen a fondo en la protecci\u00f3n de sus menores, lo mismo que lo hacen en las calles, en los lugares p\u00fablicos.<br>Internet es un lugar p\u00fablico, peligroso e inseguro si no se sabe transitar en \u00e9l, as\u00ed deben dimensionarlo los adultos para protegerse y proteger a sus menores.<br>Un tel\u00e9fono inteligente, una computadora conectada a internet, una pantalla inteligente no son equipos privados, son p\u00fablicos y los adultos debemos vigilar a los menores tal como se hace en la v\u00eda p\u00fablica.<\/p>\n","protected":false},"excerpt":{"rendered":"<p>\u00d3scar Tamez Rodr\u00edguezAustralia pone el ejemplo al prohibir el uso de las redes sociales a menores de diecis\u00e9is a\u00f1os; exige que las plataformas coloquen candados que certifiquen la edad requerida en sus usuarios. La acci\u00f3n debe ser copiada.La proliferaci\u00f3n de delitos cometidos a menores de edad por abusadores est\u00e1 en creciente, es un problema de [&hellip;]<\/p>\n","protected":false},"author":1,"featured_media":143473,"comment_status":"open","ping_status":"open","sticky":true,"template":"","format":"standard","meta":{"footnotes":""},"categories":[14,12],"tags":[],"_links":{"self":[{"href":"https:\/\/diariodigitalmx.com\/index.php\/wp-json\/wp\/v2\/posts\/143471"}],"collection":[{"href":"https:\/\/diariodigitalmx.com\/index.php\/wp-json\/wp\/v2\/posts"}],"about":[{"href":"https:\/\/diariodigitalmx.com\/index.php\/wp-json\/wp\/v2\/types\/post"}],"author":[{"embeddable":true,"href":"https:\/\/diariodigitalmx.com\/index.php\/wp-json\/wp\/v2\/users\/1"}],"replies":[{"embeddable":true,"href":"https:\/\/diariodigitalmx.com\/index.php\/wp-json\/wp\/v2\/comments?post=143471"}],"version-history":[{"count":1,"href":"https:\/\/diariodigitalmx.com\/index.php\/wp-json\/wp\/v2\/posts\/143471\/revisions"}],"predecessor-version":[{"id":143472,"href":"https:\/\/diariodigitalmx.com\/index.php\/wp-json\/wp\/v2\/posts\/143471\/revisions\/143472"}],"wp:featuredmedia":[{"embeddable":true,"href":"https:\/\/diariodigitalmx.com\/index.php\/wp-json\/wp\/v2\/media\/143473"}],"wp:attachment":[{"href":"https:\/\/diariodigitalmx.com\/index.php\/wp-json\/wp\/v2\/media?parent=143471"}],"wp:term":[{"taxonomy":"category","embeddable":true,"href":"https:\/\/diariodigitalmx.com\/index.php\/wp-json\/wp\/v2\/categories?post=143471"},{"taxonomy":"post_tag","embeddable":true,"href":"https:\/\/diariodigitalmx.com\/index.php\/wp-json\/wp\/v2\/tags?post=143471"}],"curies":[{"name":"wp","href":"https:\/\/api.w.org\/{rel}","templated":true}]}}