{"id":143814,"date":"2026-01-06T08:05:18","date_gmt":"2026-01-06T14:05:18","guid":{"rendered":"https:\/\/diariodigitalmx.com\/?p=143814"},"modified":"2026-01-06T08:05:43","modified_gmt":"2026-01-06T14:05:43","slug":"lo-que-viene-2","status":"publish","type":"post","link":"https:\/\/diariodigitalmx.com\/index.php\/2026\/01\/06\/lo-que-viene-2\/","title":{"rendered":"Lo que viene"},"content":{"rendered":"\n<p>Ra\u00fal Guajardo Cant\u00fa<\/p>\n\n\n\n<p>Inici\u00f3 el 2026 y con \u00e9l llegar\u00e1n las precampa\u00f1as de todos los pol\u00edticos que se sienten con los merecimientos necesarios para \u201ctrascender\u201d en el escalaf\u00f3n local y nacional.<\/p>\n\n\n\n<p>No crea, sin embargo, que ello se traduce en mejor trabajo en favor del pueblo bueno y sabio, sino en actividades que tendr\u00e1n como finalidad permitir a los interesados que su imagen se mantenga vigente por lo que pudiera ofrecerse, por ejemplo, una candidatura ya sea local o federal.<\/p>\n\n\n\n<p>Algunos de ellos ya iniciaron sus actividades promocionales regalando casa por casa unos calendarios, quiz\u00e1 para que usted anote las fechas importantes dentro del proceso pol\u00edtico que se avecina.<\/p>\n\n\n\n<p>Otros no han dejado de promoverse gracias al puesto que ocupan, promoci\u00f3n que disfrazan de informaci\u00f3n acerca de aquello que supuestamente hacen en beneficio de los ciudadanos, a\u00fan cuando en realidad no haya nada que informar.<\/p>\n\n\n\n<p>Como le hemos comentado en diferentes ocasiones, resulta indispensable mantener una actitud cr\u00edtica ante todo lo que nos quieran vender como acciones ben\u00e9ficas para la sociedad, ya que en muchas ocasiones en realidad no lo son, pero sirven para encubrir otras cosas que solo los benefician a ellos en su rol de precandidatos.<\/p>\n\n\n\n<p>Esta actitud cr\u00edtica debe partir de la conciencia de que los ciudadanos tenemos pocos instrumentos para exigir cuentas a los gobernantes, siendo el m\u00e1s importante la emisi\u00f3n de nuestro voto el d\u00eda de las elecciones. Ya despu\u00e9s de ello poco podemos hacer para que los pol\u00edticos respondan a nuestras exigencias y acaban por solamente buscar su propio beneficio.<\/p>\n\n\n\n<p>As\u00ed es que ya lo sabe, es necesario estar atentos a lo que los pol\u00edticos hacen y tratar de comprender sus verdaderos objetivos, entendiendo que van a tratar de hacernos creer que solamente quieren servir. No dudamos que efectivamente hay dentro de la clase pol\u00edtica hombres y mujeres que tienen vocaci\u00f3n de servicio, pero para desgracia de todos, al parecer son una minor\u00eda.<\/p>\n\n\n\n<p>\u00c9ste es un a\u00f1o por dem\u00e1s importante, en el que se juega mucho de lo que ser\u00e1 el proceso electoral de 2027 y desde ahora debemos participar activamente si no queremos ser arrastrados por una realidad en la cual nuestra participaci\u00f3n sea nula. No pensamos que alguien desee eso para \u00e9l y su familia.<\/p>\n\n\n\n<p>Por ello es importante participar en todas las formas y niveles posibles, que la realidad no nos pase por un lado, o peor, por encima, sino que tengamos claro que lo poco o mucho que podamos hacer, es importante y que ma\u00f1ana no tengamos que lamentar el no haber participado.<\/p>\n\n\n\n<p>As\u00ed es que pongamos manos a la obra y comencemos a aprovechar todas y cada una de las oportunidades que se nos presenten para hacerle saber a la clase pol\u00edtica que los estamos vigilando y que, si no trabajan en nuestro favor, estamos listos para hacer surgir nuevas opciones. Que entiendan que no son indispensables, sino que est\u00e1n ah\u00ed para servirnos y no para servirse.<\/p>\n\n\n\n<p>Part\u00edcipe en donde le sea posible. Si por ahora no sabe d\u00f3nde hacerlo, comparta con sus amigos, su familia o sus vecinos y ver\u00e1 c\u00f3mo encuentra d\u00f3nde participar. Es muy importante que lo haga.<\/p>\n","protected":false},"excerpt":{"rendered":"<p>Ra\u00fal Guajardo Cant\u00fa Inici\u00f3 el 2026 y con \u00e9l llegar\u00e1n las precampa\u00f1as de todos los pol\u00edticos que se sienten con los merecimientos necesarios para \u201ctrascender\u201d en el escalaf\u00f3n local y nacional. No crea, sin embargo, que ello se traduce en mejor trabajo en favor del pueblo bueno y sabio, sino en actividades que tendr\u00e1n como [&hellip;]<\/p>\n","protected":false},"author":1,"featured_media":143657,"comment_status":"open","ping_status":"open","sticky":true,"template":"","format":"standard","meta":{"footnotes":""},"categories":[12],"tags":[],"_links":{"self":[{"href":"https:\/\/diariodigitalmx.com\/index.php\/wp-json\/wp\/v2\/posts\/143814"}],"collection":[{"href":"https:\/\/diariodigitalmx.com\/index.php\/wp-json\/wp\/v2\/posts"}],"about":[{"href":"https:\/\/diariodigitalmx.com\/index.php\/wp-json\/wp\/v2\/types\/post"}],"author":[{"embeddable":true,"href":"https:\/\/diariodigitalmx.com\/index.php\/wp-json\/wp\/v2\/users\/1"}],"replies":[{"embeddable":true,"href":"https:\/\/diariodigitalmx.com\/index.php\/wp-json\/wp\/v2\/comments?post=143814"}],"version-history":[{"count":1,"href":"https:\/\/diariodigitalmx.com\/index.php\/wp-json\/wp\/v2\/posts\/143814\/revisions"}],"predecessor-version":[{"id":143815,"href":"https:\/\/diariodigitalmx.com\/index.php\/wp-json\/wp\/v2\/posts\/143814\/revisions\/143815"}],"wp:featuredmedia":[{"embeddable":true,"href":"https:\/\/diariodigitalmx.com\/index.php\/wp-json\/wp\/v2\/media\/143657"}],"wp:attachment":[{"href":"https:\/\/diariodigitalmx.com\/index.php\/wp-json\/wp\/v2\/media?parent=143814"}],"wp:term":[{"taxonomy":"category","embeddable":true,"href":"https:\/\/diariodigitalmx.com\/index.php\/wp-json\/wp\/v2\/categories?post=143814"},{"taxonomy":"post_tag","embeddable":true,"href":"https:\/\/diariodigitalmx.com\/index.php\/wp-json\/wp\/v2\/tags?post=143814"}],"curies":[{"name":"wp","href":"https:\/\/api.w.org\/{rel}","templated":true}]}}