{"id":144023,"date":"2026-01-14T06:18:23","date_gmt":"2026-01-14T12:18:23","guid":{"rendered":"https:\/\/diariodigitalmx.com\/?p=144023"},"modified":"2026-01-14T06:19:22","modified_gmt":"2026-01-14T12:19:22","slug":"regresa-el-senado-a-ser-fabrica-de-gobernadores","status":"publish","type":"post","link":"https:\/\/diariodigitalmx.com\/index.php\/2026\/01\/14\/regresa-el-senado-a-ser-fabrica-de-gobernadores\/","title":{"rendered":"Regresa el Senado a ser f\u00e1brica de gobernadores"},"content":{"rendered":"\n<p>De frente y de perfil <\/p>\n\n\n\n<p>Ram\u00f3n Zurita Sahag\u00fan <\/p>\n\n\n\n<p>Durante largas d\u00e9cadas los candidatos fuertes a los gobiernos estatales, sal\u00edan del Poder Legislativo o del gabinete del gobierno federal.<\/p>\n\n\n\n<p>Se trataba, regularmente, de personajes nacidos en esas entidades o avecindados en las mismas, pero con escaso conocimiento del pueblo que pretend\u00edan gobernar.<\/p>\n\n\n\n<p>Llegaban como fantasmas, ya que a lo mucho hab\u00edan estudiado la primera y, tal vez, la secundaria en esas entidades.<\/p>\n\n\n\n<p>Eso no importaba, la poderosa maquinaria electoral del partido gobernante hacia lo dem\u00e1s, proporcionaba los votos necesarios para triunfar en los comicios.<\/p>\n\n\n\n<p>Algunos de ellos, hab\u00edan pasado recientemente o en la lejan\u00eda por las urnas en una diputaci\u00f3n o senadur\u00eda que quedaba en el olvido.<\/p>\n\n\n\n<p>Pocos en realidad fueron los candidatos y posteriores gobernadores que hicieron carrera pol\u00edtica en el estado que pretend\u00edan gobernar.<\/p>\n\n\n\n<p>Alcanzar la candidatura era todo un reto, ya que requer\u00eda de cercan\u00eda o conocimiento de ellos por parte del Presidente de la Rep\u00fablica en turno, ya que de otra manera, resultaba dif\u00edcil competir por la posici\u00f3n.<\/p>\n\n\n\n<p>Eran casi extra\u00f1os en sus propios dominios, por lo que requer\u00edan de una gran estrategia publicitaria, con miles de espectaculares en sitios claves, el obsequio de despensas y utilitarios, adem\u00e1s de las consabidas playeras, gorras y bolsas para el mandado que surt\u00edan por cientos de miles.<\/p>\n\n\n\n<p>Samuel Oca\u00f1a fue uno de los pocos candidatos del PRI con carrera local y no federal, en ser enviado como candidato al gobierno de Sonora.<\/p>\n\n\n\n<p>Ahora las cosas se presentan de distinta forma y los miembros del gabinete, raramente, son postulados a un gobierno estatal, siendo los principales beneficiados diputados y senadores.<\/p>\n\n\n\n<p>En la actualidad solamente tres gobernadores pasaron del gabinete a gobiernos estatales: Alfonso Durazo, Sonora, Javier May, Tabasco y Roc\u00edo Nahle, Veracruz.<\/p>\n\n\n\n<p>La lista grande est\u00e1 conformada por los egresados del Poder Legislativo, diputados y senadores.<\/p>\n\n\n\n<p>Hasta la mayor\u00eda de los gobernadores de oposici\u00f3n saltaron de una curul o esca\u00f1o al gobierno estatal. Samuel Garc\u00eda, Nuevo Le\u00f3n; Mauricio Kuri, Quer\u00e9taro; Tere Jim\u00e9nez, Aguascalientes y Maru Campos, Chihuahua. Pablo Lemus, Jalisco es local ( alcalde de ) Guadalajara, Esteban Villegas, Durango, sin cargo formal, Libia Denisse Garc\u00eda, Guanajuato, secretaria en el gabinete local, Joaqu\u00edn Diaz Mena, Yucat\u00e1n, delegado federal y Manolo Jim\u00e9nez, siendo parte del gabinete local en Coahuila. La emergencia hizo que Evelyn Salgado, Guerrero y Alfredo Ram\u00edrez Bedolla, Michoac\u00e1n, entrasen a sustituir a los senadores F\u00e9lix Salgado y Ra\u00fal Mor\u00f3n.<\/p>\n\n\n\n<p>Y si preferentemente en 2021 los candidatos principales surgieron del Senado y la C\u00e1mara de Diputados, ahora la historia parece repetirse.<\/p>\n\n\n\n<p>Senadores y diputados aparecen como los mejores posicionados dentro del partido gobernante en estados como Baja California, Baja California Sur, Aguascalientes, Chihuahua, Sonora, Guerrero, Michoac\u00e1n, Campeche, Quintana Roo, Nuevo Le\u00f3n, San Luis Potos\u00ed (en alianza), Zacatecas, Tlaxcala. Tal vez Quer\u00e9taro, Colima y Nayarit, entre otros opten por un candidato no surgido del Poder Legislativo.<\/p>\n\n\n\n<p>En s\u00edntesis, parece ser que como en los tiempos priistas, el Senado de la Rep\u00fablica regresa a ser una f\u00e1brica de gobernantes.<\/p>\n\n\n\n<p>Email: ramonzurita44@hotmail.com<\/p>\n\n\n\n<p>Email: ramonzurita44@gmail.com<\/p>\n","protected":false},"excerpt":{"rendered":"<p>De frente y de perfil Ram\u00f3n Zurita Sahag\u00fan Durante largas d\u00e9cadas los candidatos fuertes a los gobiernos estatales, sal\u00edan del Poder Legislativo o del gabinete del gobierno federal. Se trataba, regularmente, de personajes nacidos en esas entidades o avecindados en las mismas, pero con escaso conocimiento del pueblo que pretend\u00edan gobernar. Llegaban como fantasmas, ya [&hellip;]<\/p>\n","protected":false},"author":1,"featured_media":144025,"comment_status":"open","ping_status":"open","sticky":false,"template":"","format":"standard","meta":{"footnotes":""},"categories":[14,12],"tags":[],"_links":{"self":[{"href":"https:\/\/diariodigitalmx.com\/index.php\/wp-json\/wp\/v2\/posts\/144023"}],"collection":[{"href":"https:\/\/diariodigitalmx.com\/index.php\/wp-json\/wp\/v2\/posts"}],"about":[{"href":"https:\/\/diariodigitalmx.com\/index.php\/wp-json\/wp\/v2\/types\/post"}],"author":[{"embeddable":true,"href":"https:\/\/diariodigitalmx.com\/index.php\/wp-json\/wp\/v2\/users\/1"}],"replies":[{"embeddable":true,"href":"https:\/\/diariodigitalmx.com\/index.php\/wp-json\/wp\/v2\/comments?post=144023"}],"version-history":[{"count":1,"href":"https:\/\/diariodigitalmx.com\/index.php\/wp-json\/wp\/v2\/posts\/144023\/revisions"}],"predecessor-version":[{"id":144024,"href":"https:\/\/diariodigitalmx.com\/index.php\/wp-json\/wp\/v2\/posts\/144023\/revisions\/144024"}],"wp:featuredmedia":[{"embeddable":true,"href":"https:\/\/diariodigitalmx.com\/index.php\/wp-json\/wp\/v2\/media\/144025"}],"wp:attachment":[{"href":"https:\/\/diariodigitalmx.com\/index.php\/wp-json\/wp\/v2\/media?parent=144023"}],"wp:term":[{"taxonomy":"category","embeddable":true,"href":"https:\/\/diariodigitalmx.com\/index.php\/wp-json\/wp\/v2\/categories?post=144023"},{"taxonomy":"post_tag","embeddable":true,"href":"https:\/\/diariodigitalmx.com\/index.php\/wp-json\/wp\/v2\/tags?post=144023"}],"curies":[{"name":"wp","href":"https:\/\/api.w.org\/{rel}","templated":true}]}}